{"id":231286,"date":"2026-01-16T11:10:10","date_gmt":"2026-01-16T11:10:10","guid":{"rendered":"https:\/\/www.europesays.com\/pt\/231286\/"},"modified":"2026-01-16T11:10:10","modified_gmt":"2026-01-16T11:10:10","slug":"ventura-vestiu-se-de-militar-para-dizer-que-havera-ordem-a-partir-de-domingo-e-ainda-ha-resposta-a-gouveia-e-melo","status":"publish","type":"post","link":"https:\/\/www.europesays.com\/pt\/231286\/","title":{"rendered":"Ventura vestiu-se de militar para dizer que &#8220;haver\u00e1 ordem&#8221; a partir de domingo (e ainda h\u00e1 resposta a Gouveia e Melo)"},"content":{"rendered":"<p>\t                &#8220;In\u00fatil \u00e9 votar em candidatos que dizem exatamente o mesmo h\u00e1 50 anos&#8221;, declarou o candidato presidencial apoiado pelo Chega, em Ponte de Lima<\/p>\n<p>O candidato presidencial apoiado pelo Chega\u00a0afirmou esta quinta-feira, vestido de camuflado, que o pa\u00eds \u201cter\u00e1 ordem\u201d a partir de domingo e respondeu a quem considera que votar em si \u00e9 \u201cin\u00fatil\u201d, como afirmou o almirante Gouveia e Melo.<\/p>\n<p>\u201cIn\u00fatil \u00e9 votar em candidatos que dizem exatamente o mesmo h\u00e1 50 anos. In\u00fatil \u00e9 votar em candidatos que n\u00e3o conseguem sen\u00e3o dizer generalidades ou votar em candidatos que v\u00e3o andar com Lu\u00eds Montenegro ao colo\u201d, defendeu Andr\u00e9 Ventura, num discurso durante um com\u00edcio de campanha para as elei\u00e7\u00f5es presidenciais, em Ponte de Lima, distrito de Viana do Castelo.<\/p>\n<p>O tamb\u00e9m presidente do Chega falava perante cerca de 300 apoiantes num almo\u00e7o &#8211; no qual tamb\u00e9m assinalou o seu anivers\u00e1rio e se cantaram os parab\u00e9ns \u2013 vestido com um casaco com padr\u00e3o camuflado militar, que lhe foi oferecido por um grupo de antigos combatentes presentes no com\u00edcio.<\/p>\n<p>Apesar de ter voltado a afirmar que queria fazer uma campanha sem \u201cpicardias\u201d, n\u00e3o deixou de responder a cr\u00edticas como a do almirante na reserva Henrique Gouveia e Melo, que hoje de manh\u00e3, em Gondomar, afirmou que \u00e9 \u201ccompletamente in\u00fatil\u201d votar em\u00a0Andr\u00e9 Ventura e considerou que o l\u00edder do Chega tamb\u00e9m \u00e9 parte do \u201csistema\u201d em Portugal, mas tenta baralhar os eleitores.<\/p>\n<p>Falando de si j\u00e1 como futuro\u00a0Comandante Supremo das For\u00e7as Armadas (cargo inerente \u00e0s\u00a0fun\u00e7\u00f5es de Presidente da Rep\u00fablica), Andr\u00e9 Ventura considerou que os seus advers\u00e1rios \u201ct\u00eam uma forma\u00a0sempre floral de falar e de dizer\u00a0que v\u00e3o fazer as coisas\u201d e contrap\u00f4s que consigo n\u00e3o ser\u00e1 assim.<\/p>\n<p>\u201cEu n\u00e3o vos vou\u00a0trazer conversa bonita e fiada.\u00a0Eu vou dizer-vos que o pa\u00eds est\u00e1\u00a0neste estado e que n\u00f3s temos de fazer isto\u00a0para o endireitar. E que temos de o p\u00f4r\u00a0na ordem. E que vai haver muitos que n\u00e3o\u00a0gostam de o p\u00f4r na ordem. Mas este pa\u00eds\u00a0j\u00e1 teve, conforme os militares sabem\u00a0bem dizer, tempo demais de bandalheira. A partir\u00a0de 18 de janeiro \u00e9 tempo de\u00a0ordem e eu espero ser o Presidente\u00a0dessa ordem\u201d, afirmou.<\/p>\n<p>No final do almo\u00e7o, confrontado pelas declara\u00e7\u00f5es de Gouveia e Melo que o acusou de desrespeito ao usar o camuflado, Ventura escusou responder.<\/p>\n<p>\u201cJ\u00e1 fiz o discurso para os portugueses, que \u00e9 o que me interessa. No dia 18\u00a0os portugueses escolher\u00e3o se querem ou n\u00e3o um candidato que vai honrar os antigos combatentes\u201d, disse.<\/p>\n<p>Esta n\u00e3o \u00e9 a primeira vez que Ventura surge com um camuflado militar em campanha: nas legislativas de 2022, num almo\u00e7o de antigos combatentes no Porto, recebeu um camuflado semelhante e discursou com ele vestido.<\/p>\n<p>Numa sala com v\u00e1rias bandeiras nacionais, Ventura voltou a insistir na ideia de que a sua campanha simboliza um \u201cajuste de contas\u201d com a Hist\u00f3ria do pa\u00eds, que considerou estar \u201cerrada em muitas d\u00e9cadas\u201d, nomeadamente no que toca aos antigos combatentes ou \u201c\u00e0queles que perderam tudo\u201d nas antigas col\u00f3nias portuguesas.<\/p>\n<p>\u201cA poucas horas das elei\u00e7\u00f5es,\u00a0eu quero deixar aqui aquilo que n\u00e3o \u00e9 uma promessa.\u00a0\u00c9 um compromisso a\u00a0todos os antigos combatentes,\u00a0todos os espoliados do Ultramar, todos, sem exce\u00e7\u00e3o.\u00a0Comigo n\u00e3o ser\u00e1 \u00e0 M\u00e1rio Soares [ex-Presidente da Rep\u00fablica socialista]. Comigo ser\u00e1 mesmo para devolver-vos a dignidade\u201d, afirmou.<\/p>\n<p>O candidato rejeitou falar de &#8220;picardias&#8221; pol\u00edticas, afirmando que tal n\u00e3o interessa quando &#8220;antigos combatentes recebem 80 euros pelo\u00a0trabalho que fizeram\u201d.<\/p>\n<p>Os antigos combatentes t\u00eam direito a um suplemento especial de pens\u00e3o correspondente ao tempo de servi\u00e7o prestado,\u00a0que atualmente varia entre os 112 e os 225 euros.<\/p>\n<p>A um dia do final da campanha,\u00a0Ventura deixou ainda o compromisso de que \u201cn\u00e3o ir\u00e1 desistir\u201d at\u00e9 que aconte\u00e7a uma mudan\u00e7a no pa\u00eds.<\/p>\n<p>\u201cO pa\u00eds vai mudar a partir de domingo. Esta mudan\u00e7a n\u00e3o ser\u00e1 uma mudan\u00e7a nem de nome, nem de cor, nem de estilo. \u00c9 uma mudan\u00e7a profunda que vamos ter no sistema pol\u00edtico. J\u00e1 outros pa\u00edses a tiveram e n\u00f3s vamos t\u00ea-la tamb\u00e9m. N\u00f3s temos de fazer a rutura com aqueles que nos tra\u00edram\u201d, defendeu.<\/p>\n","protected":false},"excerpt":{"rendered":"&#8220;In\u00fatil \u00e9 votar em candidatos que dizem exatamente o mesmo h\u00e1 50 anos&#8221;, declarou o candidato presidencial apoiado&hellip;\n","protected":false},"author":2,"featured_media":231287,"comment_status":"","ping_status":"","sticky":false,"template":"","format":"standard","meta":{"footnotes":""},"categories":[10],"tags":[609,836,3386,611,27,28,1677,1736,607,608,333,832,604,135,610,476,1705,15,16,301,830,14,603,25,26,570,21,22,831,833,62,834,12,13,19,20,835,602,52,3716,32,1076,23,24,33,17,18,29,30,31],"class_list":{"0":"post-231286","1":"post","2":"type-post","3":"status-publish","4":"format-standard","5":"has-post-thumbnail","7":"category-portugal","8":"tag-alerta","9":"tag-analise","10":"tag-andre-ventura","11":"tag-ao-minuto","12":"tag-breaking-news","13":"tag-breakingnews","14":"tag-campanha","15":"tag-chega","16":"tag-cnn","17":"tag-cnn-portugal","18":"tag-comentadores","19":"tag-costa","20":"tag-crime","21":"tag-desporto","22":"tag-direto","23":"tag-economia","24":"tag-eleicoes-presidenciais","25":"tag-featured-news","26":"tag-featurednews","27":"tag-governo","28":"tag-guerra","29":"tag-headlines","30":"tag-justica","31":"tag-latest-news","32":"tag-latestnews","33":"tag-live","34":"tag-main-news","35":"tag-mainnews","36":"tag-mais-vistas","37":"tag-marcelo","38":"tag-mundo","39":"tag-negocios","40":"tag-news","41":"tag-noticias","42":"tag-noticias-principais","43":"tag-noticiasprincipais","44":"tag-opiniao","45":"tag-pais","46":"tag-politica","47":"tag-ponte-de-lima","48":"tag-portugal","49":"tag-presidenciais-2026","50":"tag-principais-noticias","51":"tag-principaisnoticias","52":"tag-pt","53":"tag-top-stories","54":"tag-topstories","55":"tag-ultimas","56":"tag-ultimas-noticias","57":"tag-ultimasnoticias"},"share_on_mastodon":{"url":"","error":"Validation failed: Text character limit of 500 exceeded"},"_links":{"self":[{"href":"https:\/\/www.europesays.com\/pt\/wp-json\/wp\/v2\/posts\/231286","targetHints":{"allow":["GET"]}}],"collection":[{"href":"https:\/\/www.europesays.com\/pt\/wp-json\/wp\/v2\/posts"}],"about":[{"href":"https:\/\/www.europesays.com\/pt\/wp-json\/wp\/v2\/types\/post"}],"author":[{"embeddable":true,"href":"https:\/\/www.europesays.com\/pt\/wp-json\/wp\/v2\/users\/2"}],"replies":[{"embeddable":true,"href":"https:\/\/www.europesays.com\/pt\/wp-json\/wp\/v2\/comments?post=231286"}],"version-history":[{"count":0,"href":"https:\/\/www.europesays.com\/pt\/wp-json\/wp\/v2\/posts\/231286\/revisions"}],"wp:featuredmedia":[{"embeddable":true,"href":"https:\/\/www.europesays.com\/pt\/wp-json\/wp\/v2\/media\/231287"}],"wp:attachment":[{"href":"https:\/\/www.europesays.com\/pt\/wp-json\/wp\/v2\/media?parent=231286"}],"wp:term":[{"taxonomy":"category","embeddable":true,"href":"https:\/\/www.europesays.com\/pt\/wp-json\/wp\/v2\/categories?post=231286"},{"taxonomy":"post_tag","embeddable":true,"href":"https:\/\/www.europesays.com\/pt\/wp-json\/wp\/v2\/tags?post=231286"}],"curies":[{"name":"wp","href":"https:\/\/api.w.org\/{rel}","templated":true}]}}