{"id":231288,"date":"2026-01-16T11:11:13","date_gmt":"2026-01-16T11:11:13","guid":{"rendered":"https:\/\/www.europesays.com\/pt\/231288\/"},"modified":"2026-01-16T11:11:13","modified_gmt":"2026-01-16T11:11:13","slug":"corina-machado-diz-ter-entregue-medalha-do-nobel-a-trump-em-almoco-na-casa-branca-diario-de-noticias","status":"publish","type":"post","link":"https:\/\/www.europesays.com\/pt\/231288\/","title":{"rendered":"Corina Machado diz ter entregue medalha do Nobel a Trump em almo\u00e7o na Casa Branca &#8211; Di\u00e1rio de Not\u00edcias"},"content":{"rendered":"<ol>\n<li><a href=\"https:\/\/news.google.com\/rss\/articles\/CBMisgFBVV95cUxNWm5qWG9KcDZ2WUZyamh4WTc0WGVGRmZhbjNSOVJPbTM3enFTSFVzMUJjRGJiNGtfdHlmcnJsX1B0b0Q4UlJfQmo4NkVBelpJNHVrS0dSYm9qSlB5a1ZzUUJzRHFUS3Y1Mm5VMGs0WEwyUXQtRWtUREJTMjZVOVRrYm9VcDZ2ZmJVUGxUb1c2YWtQaHhYb25ZQkZ6Mzd1WTZXUW9Rak45YUpheDBxVk81d053?oc=5\" target=\"_blank\" rel=\"nofollow noopener\">Corina Machado diz ter entregue medalha do Nobel a Trump em almo\u00e7o na Casa Branca<\/a>&nbsp;&nbsp;Di\u00e1rio de Not\u00edcias<\/li>\n<li><a href=\"https:\/\/news.google.com\/rss\/articles\/CBMi0gFBVV95cUxQOVl0YnJkd2t3VUNkTUhobzZLODl6dTJVZVRBTEVpUklna0tTT1laS1dYWVN4SlZna0x4Um5CUFE3VGdEcTVXTHktYUluUDdva1JQNk9RY3NDcGJOcnBQWDEwWVdBOXlfdzY2MlNwOGJteEZGZmpHckVQMm5FUk45YkJwdXh1c0pyV0ptb2pmSEZfYU5ENUp6NFBHRTYwWkc0TUE0MlZMRnZ3OUlDMWUwamYySHFFNVZUYldSYVZVY2NkQkNXOEtPOV9DaDVTNkREbEHSAeABQVVfeXFMTmhFR0pYVEg1VVppQTduV3RSU3o3ZU5OX3V5TmxlODhFbVJEQjg1a2c0Z1lrbUplbHE0dkRjd29JVnp5V043eDhncmNCTmFTdW5mYVVxd2xVdEs3OVVRU2pNNndHbVp0TzF5RXB4aDI2NEZFajBkRDZfSzQyZDR5SGo2NUxQSmh0UnNxY2NvRkc4amROWnY0NkEtQm55UTlpRThNVEpJN09yUWdsRGROUEdZVDl0YzFEOHJqdFNGdmdoZTl0VTJGUFJnSUZ2dm1XaEtWM05ua3dLRWs4TGdlcmQ?oc=5\" target=\"_blank\" rel=\"nofollow noopener\">Trump diz ter recebido medalha do Nobel da Paz como &#8216;presente&#8217; de Mar\u00eda Corina Machado<\/a>&nbsp;&nbsp;G1<\/li>\n<li><a href=\"https:\/\/news.google.com\/rss\/articles\/CBMikwFBVV95cUxOVVJoWEdMbks3SUZxenNrVHVIU1lleGhoMUpBX1c2N0syU3ppRW4tMXFmakdjb2dFRENNeHRfZjh3MGJZbXFGYjgzX0dpd3ZoUUx6ZURaU1MyY1pBeHUxMGVGUFRFWXpIdXNxMjlpZ1A5dEFtbFIxUGFzS1hVdG1UY0x5aDJnNWtRczl5THJmcWRGWUnSAZgBQVVfeXFMT25CS0RKOU41Vm9CbHRCcThhdmZtT1FqOVd3a1hSeHlwSnU5QlZBekxsME91d19tMi1CQmVWOVNrX0l6ZXZWckFQaC15RS1pWUNHNmdjSUNyMlktWV9jYVNMVG9oU05rR25JeGcyVXlXSHJxM3VGdk1zdHQ3alBBdS1JSE1iTGlNZmMyU2JsSTl2dWZlQTA2X1M?oc=5\" target=\"_blank\" rel=\"nofollow noopener\">Nobel da Paz: as pol\u00eamicas, de Hitler a Trump, e o fen\u00f4meno do peacewashing<\/a>&nbsp;&nbsp;Ag\u00eancia P\u00fablica<\/li>\n<li><a href=\"https:\/\/news.google.com\/rss\/articles\/CBMiogFBVV95cUxPbGJoVTJGZGYydmZrTUtSTTdrWjFfOEZOYXFNRlhTVDU4clZmX0JicExYaUY1VlVrSVFfOERMY19wQzhaWjZWY0Rzd3lvWnkxV0pYNkQ3a0RISDZVbGhUbThFYTdhenNWOXhOV2VrdHBvanBKSFMyajFNMUdkc1BNalJqY1BCaG85ZXAyaWljUmkzc3VGbXRndENNZE9vdmhnOEE?oc=5\" target=\"_blank\" rel=\"nofollow noopener\">Trump agradece Corina pela medalha do Nobel: &#8216;Pelo trabalho que eu fiz&#8217;<\/a>&nbsp;&nbsp;UOL Not\u00edcias<\/li>\n<li><a href=\"https:\/\/news.google.com\/rss\/articles\/CBMiYkFVX3lxTE9tTW5RMUktdDBQRlVfaURZVmpCa2llb3dGSjBtQVllY3BqcVNfaGl6S1ExOUYxZE1Zb054b1VZMk56WFFmbjhTalpnbWItLVJabnlUTVlUNXh5T2taUW01MG1n?oc=5\" target=\"_blank\" rel=\"nofollow noopener\">Mar\u00eda Corina Machado entrega sua medalha do Nobel da Paz para Trump<\/a>&nbsp;&nbsp;BBC<\/li>\n<\/ol>\n","protected":false},"excerpt":{"rendered":"Corina Machado diz ter entregue medalha do Nobel a Trump em almo\u00e7o na Casa Branca&nbsp;&nbsp;Di\u00e1rio de Not\u00edcias Trump&hellip;\n","protected":false},"author":2,"featured_media":231289,"comment_status":"","ping_status":"","sticky":false,"template":"","format":"standard","meta":{"footnotes":""},"categories":[8],"tags":[260,27,28,41816,92,306,413,15,16,14,82,25,26,21,22,29493,12,13,19,20,32,23,24,33,17,18,29,30,31,3023],"class_list":{"0":"post-231288","1":"post","2":"type-post","3":"status-publish","4":"format-standard","5":"has-post-thumbnail","7":"category-principais-noticias","8":"tag-atualidade","9":"tag-breaking-news","10":"tag-breakingnews","11":"tag-delcy-rodriguez","12":"tag-donald-trump","13":"tag-edicao-impressa","14":"tag-eua","15":"tag-featured-news","16":"tag-featurednews","17":"tag-headlines","18":"tag-internacional","19":"tag-latest-news","20":"tag-latestnews","21":"tag-main-news","22":"tag-mainnews","23":"tag-maria-corina-machado","24":"tag-news","25":"tag-noticias","26":"tag-noticias-principais","27":"tag-noticiasprincipais","28":"tag-portugal","29":"tag-principais-noticias","30":"tag-principaisnoticias","31":"tag-pt","32":"tag-top-stories","33":"tag-topstories","34":"tag-ultimas","35":"tag-ultimas-noticias","36":"tag-ultimasnoticias","37":"tag-venezuela"},"share_on_mastodon":{"url":"","error":"Validation failed: Text character limit of 500 exceeded"},"_links":{"self":[{"href":"https:\/\/www.europesays.com\/pt\/wp-json\/wp\/v2\/posts\/231288","targetHints":{"allow":["GET"]}}],"collection":[{"href":"https:\/\/www.europesays.com\/pt\/wp-json\/wp\/v2\/posts"}],"about":[{"href":"https:\/\/www.europesays.com\/pt\/wp-json\/wp\/v2\/types\/post"}],"author":[{"embeddable":true,"href":"https:\/\/www.europesays.com\/pt\/wp-json\/wp\/v2\/users\/2"}],"replies":[{"embeddable":true,"href":"https:\/\/www.europesays.com\/pt\/wp-json\/wp\/v2\/comments?post=231288"}],"version-history":[{"count":0,"href":"https:\/\/www.europesays.com\/pt\/wp-json\/wp\/v2\/posts\/231288\/revisions"}],"wp:featuredmedia":[{"embeddable":true,"href":"https:\/\/www.europesays.com\/pt\/wp-json\/wp\/v2\/media\/231289"}],"wp:attachment":[{"href":"https:\/\/www.europesays.com\/pt\/wp-json\/wp\/v2\/media?parent=231288"}],"wp:term":[{"taxonomy":"category","embeddable":true,"href":"https:\/\/www.europesays.com\/pt\/wp-json\/wp\/v2\/categories?post=231288"},{"taxonomy":"post_tag","embeddable":true,"href":"https:\/\/www.europesays.com\/pt\/wp-json\/wp\/v2\/tags?post=231288"}],"curies":[{"name":"wp","href":"https:\/\/api.w.org\/{rel}","templated":true}]}}