{"id":231290,"date":"2026-01-16T11:12:09","date_gmt":"2026-01-16T11:12:09","guid":{"rendered":"https:\/\/www.europesays.com\/pt\/231290\/"},"modified":"2026-01-16T11:12:09","modified_gmt":"2026-01-16T11:12:09","slug":"josh-oconnor-me-ajudou-superar-morte-do-meu-pai","status":"publish","type":"post","link":"https:\/\/www.europesays.com\/pt\/231290\/","title":{"rendered":"Josh O&#8217;Connor me ajudou superar morte do meu pai"},"content":{"rendered":"<p class=\"bullet mt-0\" data-v-232111b4=\"\"><strong>A situa\u00e7\u00e3o exigiu um esfor\u00e7o emocional complexo da atriz, pois sua personagem, It\u00e1lia, representava a vida e o futuro, enquanto o protagonista vivido por O&#8217;Connor estava conectado ao luto e ao passado.<\/strong><\/p>\n<p class=\"bullet\" data-v-232111b4=\"\"><strong>&#8220;Meu pai era muito presente na minha vida (&#8230;) Meu pai era o que me dava mais apoio&#8221;, afirmou.<\/strong> Ela relatou que, ao assistir ao filme pronto, se surpreendeu com sua pr\u00f3pria performance diante da dor que sentia na \u00e9poca: &#8220;Quando eu olhei o filme pela primeira vez, eu falei: &#8216;Nossa, eu estava t\u00e3o mal. Como \u00e9 que eu fiz essa cena?'&#8221;.<\/p>\n<p>&#8216;Voltei de Cannes com sarna&#8217;<\/p>\n<p class=\"bullet\" data-v-232111b4=\"\"><strong>A atriz tamb\u00e9m compartilhou uma hist\u00f3ria inusitada e nada glamourosa sobre sua passagem pelo Festival de Cannes, na Fran\u00e7a.<\/strong> A artista relatou que, ap\u00f3s cruzar o tapete vermelho para a divulga\u00e7\u00e3o do filme &#8220;La Chimera&#8221;, acabou contraindo sarna ap\u00f3s usar um vestido de luxo para a ocasi\u00e3o.<\/p>\n<p class=\"bullet\" data-v-232111b4=\"\"><strong>Carol contou que usou um vestido longo e fechado, com estampa floral, e permaneceu com a pe\u00e7a durante todo o dia, das 10h da manh\u00e3 at\u00e9 \u00e0s 19h, passando pela premi\u00e8re e festas. <\/strong>Ao retornar ao Brasil, ela come\u00e7ou a sentir coceiras intensas e notou o surgimento de pequenas marcas no corpo.<\/p>\n<p class=\"bullet\" data-v-232111b4=\"\">Aquilo foi me dando desespero. E a\u00ed: &#8216;ah, pode ser psicol\u00f3gico, estresse&#8217;. Eu estava vivendo coisas muito duras na \u00e9poca.<\/p>\n","protected":false},"excerpt":{"rendered":"A situa\u00e7\u00e3o exigiu um esfor\u00e7o emocional complexo da atriz, pois sua personagem, It\u00e1lia, representava a vida e o&hellip;\n","protected":false},"author":2,"featured_media":231291,"comment_status":"","ping_status":"","sticky":false,"template":"","format":"standard","meta":{"footnotes":""},"categories":[145],"tags":[211,210,114,115,32,33],"class_list":{"0":"post-231290","1":"post","2":"type-post","3":"status-publish","4":"format-standard","5":"has-post-thumbnail","7":"category-celebridades","8":"tag-celebridades","9":"tag-celebrities","10":"tag-entertainment","11":"tag-entretenimento","12":"tag-portugal","13":"tag-pt"},"share_on_mastodon":{"url":"https:\/\/pubeurope.com\/@pt\/115904482020870049","error":""},"_links":{"self":[{"href":"https:\/\/www.europesays.com\/pt\/wp-json\/wp\/v2\/posts\/231290","targetHints":{"allow":["GET"]}}],"collection":[{"href":"https:\/\/www.europesays.com\/pt\/wp-json\/wp\/v2\/posts"}],"about":[{"href":"https:\/\/www.europesays.com\/pt\/wp-json\/wp\/v2\/types\/post"}],"author":[{"embeddable":true,"href":"https:\/\/www.europesays.com\/pt\/wp-json\/wp\/v2\/users\/2"}],"replies":[{"embeddable":true,"href":"https:\/\/www.europesays.com\/pt\/wp-json\/wp\/v2\/comments?post=231290"}],"version-history":[{"count":0,"href":"https:\/\/www.europesays.com\/pt\/wp-json\/wp\/v2\/posts\/231290\/revisions"}],"wp:featuredmedia":[{"embeddable":true,"href":"https:\/\/www.europesays.com\/pt\/wp-json\/wp\/v2\/media\/231291"}],"wp:attachment":[{"href":"https:\/\/www.europesays.com\/pt\/wp-json\/wp\/v2\/media?parent=231290"}],"wp:term":[{"taxonomy":"category","embeddable":true,"href":"https:\/\/www.europesays.com\/pt\/wp-json\/wp\/v2\/categories?post=231290"},{"taxonomy":"post_tag","embeddable":true,"href":"https:\/\/www.europesays.com\/pt\/wp-json\/wp\/v2\/tags?post=231290"}],"curies":[{"name":"wp","href":"https:\/\/api.w.org\/{rel}","templated":true}]}}