{"id":231294,"date":"2026-01-16T11:18:09","date_gmt":"2026-01-16T11:18:09","guid":{"rendered":"https:\/\/www.europesays.com\/pt\/231294\/"},"modified":"2026-01-16T11:18:09","modified_gmt":"2026-01-16T11:18:09","slug":"villas-boas-diz-que-ainda-nao-ha-respeito-total-para-se-sentar-ao-lado-de-rui-costa-nos-classicos","status":"publish","type":"post","link":"https:\/\/www.europesays.com\/pt\/231294\/","title":{"rendered":"Villas-Boas diz que ainda n\u00e3o h\u00e1 &#8220;respeito total&#8221; para se sentar ao lado de Rui Costa nos cl\u00e1ssicos"},"content":{"rendered":"<p data-remotead-prev-elm=\"true\" data-remotead-elm-id=\"inread\">Presente na homenagem a Mateus Mide, campe\u00e3o mundial de sub-17, numa cerim\u00f3nia realizada esta quinta-feira na C\u00e2mara Municipal de Vila Nova de Gaia, Andr\u00e9 Villas-Boas comentou as incid\u00eancias do cl\u00e1ssico da Ta\u00e7a de Portugal entre F. C. Porto e Benfica, incluindo o facto de n\u00e3o se ter sentado ao lado de Rui Costa na tribuna presidencial.<\/p>\n<p>&#8220;Fui eleito presidente e no primeiro Benfica-F. C. Porto foi-me destinado um lugar diferente daquele que pensava. A partir da\u00ed, retribu\u00ed da mesma maneira. N\u00e3o se trata de nenhuma antipatia para com Rui Costa, mas ap\u00f3s a minha elei\u00e7\u00e3o foi-me destinada a 6.\u00aa ou 7.\u00aa fila no Est\u00e1dio da Luz. O F. C. Porto retribuiu com a 3.\u00aa fila. H\u00e1 alguma clivagem entre os tr\u00eas grandes, mas isso n\u00e3o nos impede de sentar \u00e0 mesa para discutir alguns temas. Ainda n\u00e3o h\u00e1 respeito total para que nos sentemos ao lado um do outro [nos cl\u00e1ssicos)&#8221; disse o l\u00edder portista, comentando ainda as declara\u00e7\u00f5es de Jos\u00e9 Mourinho, segundo o qual &#8220;a melhor equipa&#8221; n\u00e3o passou \u00e0s meias-finais da Ta\u00e7a.<\/p>\n<p>&#8220;\u00c9 a interpreta\u00e7\u00e3o do treinador do Benfica, n\u00e3o temos nada a dizer. Foi um jogo extremamente dif\u00edcil, bem disputado e jogado, num ambiente m\u00e1gico no Drag\u00e3o. Teve uma arbitragem excelente, que tem de ser valorizada, sem erros. E tanto quanto sei, neste momento foi o jogo mais visto em canal aberto deste ano e isso tamb\u00e9m marca a diferen\u00e7a para o respeito que estas equipas t\u00eam uma pela outra&#8221;, referiu Villas-Boas, no dia em que o sorteio das meias-finais da &#8220;prova rainha&#8221; ditou um poss\u00edvel embate com o Sporting, caso os le\u00f5es eliminem o AVS nos &#8220;quartos&#8221;.<\/p>\n<p data-remotead-prev-elm=\"true\" data-remotead-elm-id=\"centro1\">&#8220;Podem ser mais dois cl\u00e1ssicos e dois grandes jogos em perspetiva, numa altura decisiva para o calend\u00e1rio de ambos. Para al\u00e9m de haver um Benfica-F. C. Porto depois da primeira m\u00e3o, haver\u00e1 tamb\u00e9m um sobrecarregar de jogos europeus, numa altura dif\u00edcil para todos. O sorteio ditou-o e espera que seja a continua\u00e7\u00e3o do espet\u00e1culo magn\u00edfico que tivemos na Ta\u00e7a. Teremos tamb\u00e9m uma surpresa na final desde j\u00e1, devido \u00e0 meia-final entre o Fafe e o Torreense. Que seja bem disputada e que traga mais valor ao Jamor. Da parte do F. C. Porto, ter\u00e1 de fazer o seu trabalho frente ao Sporting, partindo do pressuposto de que ultrapassar\u00e1 o AVS&#8221;, sublinhou o presidente do F. C. Porto.<\/p>\n<p>Questionado sobre eventuais novas contrata\u00e7\u00f5es no mercado de inverno, depois das chegadas ao Drag\u00e3o do central Thiago Silva e do extremo Pietuszewski, Andr\u00e9 Villas-Boas n\u00e3o fechou a porta. &#8220;Em princ\u00edpio n\u00e3o. Estamos atentos a possibilidades que possam surgir de \u00faltima hora, e se os nossos jogadores forem assediados n\u00e3o esperamos surpresas. Nehu\u00e9n foi substitu\u00eddo pelo Thiago Silva. N\u00e3o sabemos se iremos mais ao mercado ou n\u00e3o. Temos confian\u00e7a neste plantel&#8221;, disse, abordando ainda a atual vantagem portista no campeonato.<\/p>\n<p>&#8220;\u00c9 tudo muito prematuro. Estamos numa boa posi\u00e7\u00e3o e temos um jogo muito dif\u00edcil agora [em Guimar\u00e3es, no pr\u00f3ximo domingo]. Queremos continuar a nossa progress\u00e3o neste campeonato, reconhecendo que ainda h\u00e1 muito jogo para jogar e sentiremos sempre todos os advers\u00e1rios \u00e0 perna. Seja o Sporting ou o Benfica, apesar da dist\u00e2ncia ser de sete e 10 pontos. Para n\u00f3s, \u00e9 como se estivessem em igualdade pontual&#8221;, refor\u00e7ou, sem deixar de comentar o comunicado do clube da Luz sobre o tratamento &#8220;vergonhoso&#8221; dado aos adeptos benfiquistas no cl\u00e1ssico de quarta-feira no Drag\u00e3o.<\/p>\n<p data-remotead-prev-elm=\"true\" data-remotead-elm-id=\"centro2\">&#8220;A \u00fanica coisa que posso constatar s\u00e3o os rasgos que tenho no banco de suplentes, do lado ocupado pelo Benfica. E tenho a constatar uma s\u00e9rie de danos sem fim. Nas bancadas, e no anterior jogo, a bancada j\u00e1 tinha sido toda &#8216;graffitada&#8217; pela claque do Benfica. E agora temos um sem n\u00famero de grafittis. N\u00e3o queremos maltratar os adeptos do Benfica. H\u00e1 uma parte que \u00e9 responsabilidade das for\u00e7as de seguran\u00e7a e a\u00ed o F. C. Porto n\u00e3o manda ordens. \u00c9 a pol\u00edcia que coordena essas inspe\u00e7\u00f5es&#8221;, indicou, ap\u00f3s uma cerim\u00f3nia em que Mateus Mide e o triunfo dos sub-17 no Mundial foram temas centrais.<\/p>\n<p>&#8220;Se ele pode renovar? O F. C. Porto de suportar estes atletas e dar-lhes conforto para continuarem a crescer, e muitas vezes esse conforto vem das renova\u00e7\u00f5es contratuais. Temos cinco campe\u00f5es do mundo nos nossos sub-17, alguns j\u00e1 se estrearam pela equipa B e est\u00e3o a saltar etapas. O desejo \u00e9 que cheguem \u00e0 equipa principal e continuem a ser uma mais-valia&#8221;, afirmou Villas-Boas.<\/p>\n<p>&#8220;\u00c9 um bom trabalho desenvolvido pelo clube. Os clubes portugueses t\u00eam muita necessidade de viver da forma\u00e7\u00e3o e tem sido assim para n\u00f3s nos \u00faltimos anos. Temos uma gera\u00e7\u00e3o que se segue de grandes jogadores nas quais se incluem estes campe\u00f5es europeus e agora do Mundo, como o Mateus, que agora \u00e9 honrado aqui e espero que seja a continua\u00e7\u00e3o do bom trabalho formativo. Neste momento desenvolve-se com a mochila \u00e0s costas e temos de andar de casa em casa a desenvolver os nossos talentos, porque nos falta essa infraestrutura para crescer. E a\u00ed tamb\u00e9m temos de agradecer ao Munic\u00edpio de Gaia, que tem sido fundamental para n\u00f3s&#8221;, acrescentou, ainda sem novidades sobre a constru\u00e7\u00e3o do Centro de Alto Rendimento, no Olival.<\/p>\n<p>&#8220;Em breve daremos in\u00edcio \u00e0 movimenta\u00e7\u00e3o de terras, estamos \u00e0 espera do licenciamento final. E a partir da\u00ed, \u00e9 dar in\u00edcio \u00e0 constru\u00e7\u00e3o da obra. O F. C. Porto tem de encontrar o ve\u00edculo de financiamento mais sustent\u00e1vel para o crescimento do clube, esse \u00e9 o desafio que se segue. No per\u00edodo do Centro do Olival, denominado recentemente Centro de Treinos e Forma\u00e7\u00e3o Desportiva Jorge Costa, o F. C. Porto conquistou duas Ligas Europa, uma Liga dos Campe\u00f5es, mais uma Intercontinental, e foi gra\u00e7as a esse espa\u00e7o. \u00c9 uma pedra fundamental para o crescimento dos profissionais e dos jovens do FC Porto, e para n\u00f3s este pr\u00f3ximo passo do Centro de Alto Rendimento \u00e9 fundamental para novas conquistas. Quero agradecer ao senhor presidente Lu\u00eds Filipe Menezes o trabalho nesta parceria&#8221;, concluiu.<\/p>\n","protected":false},"excerpt":{"rendered":"Presente na homenagem a Mateus Mide, campe\u00e3o mundial de sub-17, numa cerim\u00f3nia realizada esta quinta-feira na C\u00e2mara Municipal&hellip;\n","protected":false},"author":2,"featured_media":231295,"comment_status":"","ping_status":"","sticky":false,"template":"","format":"standard","meta":{"footnotes":""},"categories":[87],"tags":[3073,135,20558,524,32,33,134,3142],"class_list":{"0":"post-231294","1":"post","2":"type-post","3":"status-publish","4":"format-standard","5":"has-post-thumbnail","7":"category-desporto","8":"tag-andre-villas-boas","9":"tag-desporto","10":"tag-f-c-porto","11":"tag-futebol","12":"tag-portugal","13":"tag-pt","14":"tag-sports","15":"tag-taca-de-portugal"},"share_on_mastodon":{"url":"https:\/\/pubeurope.com\/@pt\/115904506097772464","error":""},"_links":{"self":[{"href":"https:\/\/www.europesays.com\/pt\/wp-json\/wp\/v2\/posts\/231294","targetHints":{"allow":["GET"]}}],"collection":[{"href":"https:\/\/www.europesays.com\/pt\/wp-json\/wp\/v2\/posts"}],"about":[{"href":"https:\/\/www.europesays.com\/pt\/wp-json\/wp\/v2\/types\/post"}],"author":[{"embeddable":true,"href":"https:\/\/www.europesays.com\/pt\/wp-json\/wp\/v2\/users\/2"}],"replies":[{"embeddable":true,"href":"https:\/\/www.europesays.com\/pt\/wp-json\/wp\/v2\/comments?post=231294"}],"version-history":[{"count":0,"href":"https:\/\/www.europesays.com\/pt\/wp-json\/wp\/v2\/posts\/231294\/revisions"}],"wp:featuredmedia":[{"embeddable":true,"href":"https:\/\/www.europesays.com\/pt\/wp-json\/wp\/v2\/media\/231295"}],"wp:attachment":[{"href":"https:\/\/www.europesays.com\/pt\/wp-json\/wp\/v2\/media?parent=231294"}],"wp:term":[{"taxonomy":"category","embeddable":true,"href":"https:\/\/www.europesays.com\/pt\/wp-json\/wp\/v2\/categories?post=231294"},{"taxonomy":"post_tag","embeddable":true,"href":"https:\/\/www.europesays.com\/pt\/wp-json\/wp\/v2\/tags?post=231294"}],"curies":[{"name":"wp","href":"https:\/\/api.w.org\/{rel}","templated":true}]}}