{"id":231308,"date":"2026-01-16T11:26:11","date_gmt":"2026-01-16T11:26:11","guid":{"rendered":"https:\/\/www.europesays.com\/pt\/231308\/"},"modified":"2026-01-16T11:26:11","modified_gmt":"2026-01-16T11:26:11","slug":"pedro-abrunhosa-ao-9o-album-a-poesia-e-a-vida-o-resto-e-comprar-um-par-de-sapatos-andar-de-autocarro-ir-para-a-fila-do-supermercado","status":"publish","type":"post","link":"https:\/\/www.europesays.com\/pt\/231308\/","title":{"rendered":"Pedro Abrunhosa ao 9\u00ba \u00e1lbum: \u201cA poesia \u00e9 a vida. O resto \u00e9 comprar um par de sapatos, andar de autocarro, ir para a fila do supermercado\u201d"},"content":{"rendered":"<p class=\"texto\">Uma esp\u00e9cie de nevoeiro: \u00e9 assim que, ao nono \u00e1lbum, Pedro Abrunhosa se refere a v\u00e1rios aspetos de \u201cInverbo\u201d. Lan\u00e7ado esta sexta-feira, o primeiro disco de originais do portuense desde \u201cEspiritual\u201d, de 2018, traz uma s\u00e9rie de can\u00e7\u00f5es longas e contemplativas, longe do imediatismo do algoritmo, express\u00e3o a que recorre para descrever a pressa contempor\u00e2nea: no consumo, mas tamb\u00e9m na cria\u00e7\u00e3o. Na capa do disco, um homem que n\u00e3o \u00e9 Pedro Abrunhosa aparece isolado numa paisagem desolada e enevoada. \u201cSe n\u00e3o fosse m\u00fasico, era monge\u201d, dispara o artista que come\u00e7\u00e1mos por conhecer ao volante de can\u00e7\u00f5es en\u00e9rgicas e provocadoras como \u2018N\u00e3o Posso +\u2019 ou \u2018Socorro\u2019.<\/p>\n<p><a href=\"https:\/\/expresso.pt\/subscrever?action=GEN&amp;channel=BAF&amp;type=CAP&amp;source=WEB&amp;returnUrl=https:\/\/expresso.pt\/blitz\/2026-01-15-pedro-abrunhosa-ao-9-album-a-poesia-e-a-vida.-o-resto-e-comprar-um-par-de-sapatos-andar-de-autocarro-ir-para-a-fila-do-supermercado-e42e6029&amp;utm_source=expresso&amp;utm_medium=locked_article&amp;locked=true&amp;article_id=6db93a27-549c-40dd-b650-855ddac830ad&amp;author_id=Lia+Pereira,Rui+Duarte+Silva&amp;category=Blitz\" target=\"_self\" class=\"\" rel=\"nofollow noopener\">Subscrever<\/a>J\u00e1 \u00e9 Subscritor?Fa\u00e7a login e continue a ler<a href=\"http:\/\/expresso.pt\/codigo?redirectUrl=https:\/\/expresso.pt\/blitz\/2026-01-15-pedro-abrunhosa-ao-9-album-a-poesia-e-a-vida.-o-resto-e-comprar-um-par-de-sapatos-andar-de-autocarro-ir-para-a-fila-do-supermercado-e42e6029\" target=\"_self\" class=\"\" rel=\"nofollow noopener\">Inserir C\u00f3digo<\/a>Comprou o Expresso?Insira o c\u00f3digo presente na Revista E para continuar a ler<\/p>\n","protected":false},"excerpt":{"rendered":"Uma esp\u00e9cie de nevoeiro: \u00e9 assim que, ao nono \u00e1lbum, Pedro Abrunhosa se refere a v\u00e1rios aspetos de&hellip;\n","protected":false},"author":2,"featured_media":231309,"comment_status":"","ping_status":"","sticky":false,"template":"","format":"standard","meta":{"footnotes":""},"categories":[145],"tags":[211,210,114,115,32,33],"class_list":{"0":"post-231308","1":"post","2":"type-post","3":"status-publish","4":"format-standard","5":"has-post-thumbnail","7":"category-celebridades","8":"tag-celebridades","9":"tag-celebrities","10":"tag-entertainment","11":"tag-entretenimento","12":"tag-portugal","13":"tag-pt"},"share_on_mastodon":{"url":"https:\/\/pubeurope.com\/@pt\/115904537090386548","error":""},"_links":{"self":[{"href":"https:\/\/www.europesays.com\/pt\/wp-json\/wp\/v2\/posts\/231308","targetHints":{"allow":["GET"]}}],"collection":[{"href":"https:\/\/www.europesays.com\/pt\/wp-json\/wp\/v2\/posts"}],"about":[{"href":"https:\/\/www.europesays.com\/pt\/wp-json\/wp\/v2\/types\/post"}],"author":[{"embeddable":true,"href":"https:\/\/www.europesays.com\/pt\/wp-json\/wp\/v2\/users\/2"}],"replies":[{"embeddable":true,"href":"https:\/\/www.europesays.com\/pt\/wp-json\/wp\/v2\/comments?post=231308"}],"version-history":[{"count":0,"href":"https:\/\/www.europesays.com\/pt\/wp-json\/wp\/v2\/posts\/231308\/revisions"}],"wp:featuredmedia":[{"embeddable":true,"href":"https:\/\/www.europesays.com\/pt\/wp-json\/wp\/v2\/media\/231309"}],"wp:attachment":[{"href":"https:\/\/www.europesays.com\/pt\/wp-json\/wp\/v2\/media?parent=231308"}],"wp:term":[{"taxonomy":"category","embeddable":true,"href":"https:\/\/www.europesays.com\/pt\/wp-json\/wp\/v2\/categories?post=231308"},{"taxonomy":"post_tag","embeddable":true,"href":"https:\/\/www.europesays.com\/pt\/wp-json\/wp\/v2\/tags?post=231308"}],"curies":[{"name":"wp","href":"https:\/\/api.w.org\/{rel}","templated":true}]}}