{"id":231310,"date":"2026-01-16T11:32:08","date_gmt":"2026-01-16T11:32:08","guid":{"rendered":"https:\/\/www.europesays.com\/pt\/231310\/"},"modified":"2026-01-16T11:32:08","modified_gmt":"2026-01-16T11:32:08","slug":"sporting-casa-pia-dia-de-lamber-as-feridas-na-enfermaria-de-alvalade","status":"publish","type":"post","link":"https:\/\/www.europesays.com\/pt\/231310\/","title":{"rendered":"Sporting-Casa Pia: Dia de lamber as feridas na &#8216;enfermaria&#8217; de Alvalade"},"content":{"rendered":"<p>O Est\u00e1dio Jos\u00e9 Alvalade vai tornar-se, ao in\u00edcio da noite desta sexta-feira, numa aut\u00eantica &#8216;enfermaria&#8217;, fruto do encontro entre os &#8216;magoados&#8217; Sporting e Casa Pia, que ir\u00e3o procurar retomar o caminho das vit\u00f3rias, depois de um ciclo de resultados mais complicados, que tiveram impacto direto nas ambi\u00e7\u00f5es de ambos.<\/p>\n<p>Os le\u00f5es deram a primeira volta por encerrada com um empate a uma bola com o Gil Vicente, no Est\u00e1dio Cidade de Barcelos, que ampliou para sete pontos a dist\u00e2ncia para o l\u00edder da I Liga, o FC Porto. Uma semana depois, &#8216;tombaram&#8217; aos p\u00e9s do Vit\u00f3ria SC, por 1-2, no Est\u00e1dio Dr Magalh\u00e3es Pessoa, em Leiria, e despediram-se da Ta\u00e7a da Liga, nas meias finais.<\/p>\n<p>Curiosamente, o ciclo dos gansos come\u00e7ou com um nulo perante o Vit\u00f3ria SC, no Est\u00e1dio Municipal de Rio Maior, e prosseguiu com a derrota sofrida no Est\u00e1dio dos Arcos, em Vila do Conde, frente ao Rio Ave, por 3-1, que culminou na demiss\u00e3o de Gon\u00e7alo Brand\u00e3o e consequente contrata\u00e7\u00e3o de \u00c1lvaro Pacheco.<\/p>\n<p>O treinador de 54 anos de idade tem, de resto, a &#8216;espinhosa&#8217; miss\u00e3o de fazer com que a forma\u00e7\u00e3o lisboeta ganhe outro tipo de conforto na luta pela manuten\u00e7\u00e3o no principal escal\u00e3o do futebol portugu\u00eas, uma vez que, ao cabo de 17 jornadas, esta mora no 15.\u00ba lugar, imediatamente acima da &#8216;linha de \u00e1gua&#8217;, com 14 pontos, tantos quanto o Arouca.<\/p>\n<p>Tendo em conta o historial entre ambos, esta perspetiva adivinha-se, ainda assim&#8230; desoladora. Isto porque, em 43 jogos, os bicampe\u00f5es nacionais em t\u00edtulo venceram 33, empataram sete e perderam apenas tr\u00eas (o \u00faltimo dos quais em mar\u00e7o de&#8230; 1930), com um r\u00e1cio de 154 golos marcados e apenas 41 sofridos.<\/p>\n<p>O Sporting-Casa Pia tem apito inicial agendado para as 20h15 (hora de Portugal Continental), e ir\u00e1 contar com a arbitragem de David Silva, juiz da Associa\u00e7\u00e3o de Futebol do Porto, que ir\u00e1 liderar uma equipa composta pelos assistentes Carlos Campos e N\u00e9lson Cunha, o quarto \u00e1rbitro Ricardo Baixinho, o VAR Jo\u00e3o Malheiro Pinto e o AVAR Gon\u00e7alo Freire.<\/p>\n<p>                                                    Treinadores em discurso direto<\/p>\n<p>Rui Borges<\/p>\n<p>\u00c1lvaro Pacheco estreia-se no Casa Pia: &#8220;Torna mais dif\u00edcil, na parte estrat\u00e9gica do jogo. O mister \u00c1lvaro j\u00e1 jogou em v\u00e1rios sistemas, \u00e9 sempre dif\u00edcil dizer de que forma o Casa Pia se vai apresentar. N\u00e3o nos podemos focar muito nisso, mas no que podemos fazer e controlar, em pequenas coisas, perceber que \u00e9 uma equipa muito competitiva, intensa e forte nos duelos, com jogadores fortes no ataque r\u00e1pido. Vai-nos criar esse problema, e vamos ter de o resolver&#8221;.<\/p>\n<p>Semana &#8216;limpa&#8217;: &#8220;Deu para treinarmos um pouco mais, a intensidade foi espetacular, a entrega foi espetacular, a alegria foi espetacular&#8230; Foi uma semana muito boa. Fiquei feliz, n\u00e3o s\u00f3 pela resposta da equipa, porque sabia que tem uma mentalidade muito forte e ambiciosa, mas por sentir a competitividade do treino. Necessitava de sentir isso, n\u00e3o pela derrota em si, mas sim por tudo o que nos estava a acontecer ao n\u00edvel de les\u00f5es&#8221;.<\/p>\n<p>Lu\u00eds Guilherme \u00e9 hip\u00f3tese a titular: &#8220;Teve uma boa adapta\u00e7\u00e3o, \u00e9 um mi\u00fado muito inteligente, que gosta de ouvir e aprender. \u00c9 um mi\u00fado que nos pode dar solu\u00e7\u00f5es em v\u00e1rias zonas do campo. Pelo que noto, \u00e9 um mi\u00fado que gosta mais de jogar \u00e0 direita, mas d\u00e1 solu\u00e7\u00f5es \u00e0 esquerda e por dentro, e disse-lhe isso. No Palmeiras, jogou \u00e0 direita. No West Ham, jogou \u00e0 esquerda. Na forma\u00e7\u00e3o, foi 10&#8221;.<\/p>\n<p>\u00c1lvaro Pacheco<\/p>\n<p>Estado an\u00edmico do Casa Pia: &#8220;Encontrei um grupo com uma vontade muito grande, muito entusiasmo em absorver novas ideias e tornarmo-nos numa equipa com uma identidade forte e vamos em busca dos resultados&#8221;.<\/p>\n<p>De regresso a Portugal: &#8220;Estou muito contente por ter voltado ao futebol portugu\u00eas, \u00e9 uma competi\u00e7\u00e3o muito exigente. Voltar pelo Casa Pia deixa-me muito, muito orgulhoso&#8221;.<\/p>\n<p>Sporting: &#8220;\u00c9 \u00a0o bicampe\u00e3o, uma equipa forte, mas a minha preocupa\u00e7\u00e3o \u00e9 olhar para o que somos enquanto equipa, o que \u00e9 o Casa Pia. Temos uma vontade muito grande de vencer e irmos l\u00e1 testar. \u00c9 na dificuldade que o crescimento \u00e9 mais r\u00e1pido. Temos de crescer em competi\u00e7\u00e3o, a realidade \u00e9 esta&#8221;.<\/p>\n<p>                                                    \u00daltimos resultados<\/p>\n<p>Sporting: V-V-V-E-D<\/p>\n<p>Casa Pia: E-D-V-E-D<\/p>\n<p>                                                    \u00daltimos onzes<\/p>\n<p>Sporting: Rui Silva; Iv\u00e1n Fresneda, Matheus Reis, Eduardo Quaresma, Maxi Ara\u00fajo; Morten Hjulmand, Jo\u00e3o Sim\u00f5es; Francisco Trinc\u00e3o, Fl\u00e1vio Gon\u00e7alves, Fotis Ioannidis e Luis Su\u00e1rez.<\/p>\n<p>Casa Pia: Patrick Sequeira; Gaizka Larrazabal, Andr\u00e9 Geraldes, Jos\u00e9 Fonte, David Sousa, Abdu Cont\u00e9; Renato Nhaga, Rafael Brito; Yassin Oukili, J\u00e9r\u00e9my Livolant e Cassiano.<\/p>\n<p>                                                    Aus\u00eancias<\/p>\n<p>Sporting: Ousmane Diomande, Eduardo Quaresma, Salvador Blopa, Nuno Santos, Pedro Gon\u00e7alves, Geovany Quenda e Fotis Ioannidis (lesionados), Maxi Ara\u00fajo e Morten Hjulmand (castigados).<\/p>\n<p>Casa Pia: Andr\u00e9 Geraldes (castigado).<\/p>\n<p>Leia Tamb\u00e9m: <a href=\"https:\/\/www.noticiasaominuto.com\/desporto\/2919542\/sporting-procura-quebrar-enguico-com-adversario-perfeito-em-alvalade\" target=\"_blank\" rel=\"noopener noreferrer nofollow\">Sporting procura &#8216;quebrar engui\u00e7o&#8217; com advers\u00e1rio perfeito em Alvalade<\/a><\/p>\n","protected":false},"excerpt":{"rendered":"O Est\u00e1dio Jos\u00e9 Alvalade vai tornar-se, ao in\u00edcio da noite desta sexta-feira, numa aut\u00eantica &#8216;enfermaria&#8217;, fruto do encontro&hellip;\n","protected":false},"author":2,"featured_media":231311,"comment_status":"","ping_status":"","sticky":false,"template":"","format":"standard","meta":{"footnotes":""},"categories":[87],"tags":[135,32,33,134],"class_list":{"0":"post-231310","1":"post","2":"type-post","3":"status-publish","4":"format-standard","5":"has-post-thumbnail","7":"category-desporto","8":"tag-desporto","9":"tag-portugal","10":"tag-pt","11":"tag-sports"},"share_on_mastodon":{"url":"https:\/\/pubeurope.com\/@pt\/115904560819477145","error":""},"_links":{"self":[{"href":"https:\/\/www.europesays.com\/pt\/wp-json\/wp\/v2\/posts\/231310","targetHints":{"allow":["GET"]}}],"collection":[{"href":"https:\/\/www.europesays.com\/pt\/wp-json\/wp\/v2\/posts"}],"about":[{"href":"https:\/\/www.europesays.com\/pt\/wp-json\/wp\/v2\/types\/post"}],"author":[{"embeddable":true,"href":"https:\/\/www.europesays.com\/pt\/wp-json\/wp\/v2\/users\/2"}],"replies":[{"embeddable":true,"href":"https:\/\/www.europesays.com\/pt\/wp-json\/wp\/v2\/comments?post=231310"}],"version-history":[{"count":0,"href":"https:\/\/www.europesays.com\/pt\/wp-json\/wp\/v2\/posts\/231310\/revisions"}],"wp:featuredmedia":[{"embeddable":true,"href":"https:\/\/www.europesays.com\/pt\/wp-json\/wp\/v2\/media\/231311"}],"wp:attachment":[{"href":"https:\/\/www.europesays.com\/pt\/wp-json\/wp\/v2\/media?parent=231310"}],"wp:term":[{"taxonomy":"category","embeddable":true,"href":"https:\/\/www.europesays.com\/pt\/wp-json\/wp\/v2\/categories?post=231310"},{"taxonomy":"post_tag","embeddable":true,"href":"https:\/\/www.europesays.com\/pt\/wp-json\/wp\/v2\/tags?post=231310"}],"curies":[{"name":"wp","href":"https:\/\/api.w.org\/{rel}","templated":true}]}}