{"id":231314,"date":"2026-01-16T11:34:14","date_gmt":"2026-01-16T11:34:14","guid":{"rendered":"https:\/\/www.europesays.com\/pt\/231314\/"},"modified":"2026-01-16T11:34:14","modified_gmt":"2026-01-16T11:34:14","slug":"cristina-ferreira-e-joao-monteiro-ja-chegaram-a-outro-destino-de-sonho","status":"publish","type":"post","link":"https:\/\/www.europesays.com\/pt\/231314\/","title":{"rendered":"Cristina Ferreira e Jo\u00e3o Monteiro j\u00e1 chegaram a (outro) destino de sonho"},"content":{"rendered":"<p>Cristina Ferreira est\u00e1 a aproveitar umas semanas de descanso ap\u00f3s ter estado um longo per\u00edodo \u00e0 frente do reality show &#8220;Secret Story&#8221; e ainda na codu\u00e7\u00e3o do programa das manh\u00e3s da TVI, &#8220;Dois \u00e0s 10&#8221;.\u00a0<\/p>\n<p>A apresentadora da TVI embarcou com o namorado Jo\u00e3o Monteiro numa rom\u00e2nticas f\u00e9rias a dois que ser\u00e3o divididas entre tr\u00eas locais. Primeiro, Cristina esteve a fazer um safari pelo Qu\u00e9nia e agora est\u00e1 num destino muito especial para o casal: as Maldivas.<\/p>\n<p>&#8220;Esta \u00e9 uma paragem curta antes do pr\u00f3ximo pa\u00eds, que \u00e9 novo para os dois. As Maldivas foram a nossa primeira viagem em conjunto.\u00a0Pergunta da hospedeira quando v\u00ednhamos para c\u00e1? \u00c9 a vossa lua de mel? Resposta\u2026[emoji a rir]&#8221;, escreveu a cara da TVI na legenda da partilha.\u00a0<\/p>\n<p>Pode ver as fotos da viagem \u00e0s Maldivas na nossa galeria.\u00a0<\/p>\n<p>Como explicou a comunicadora na mais recente partilha no Instagram, as Maldivas n\u00e3o ser\u00e3o o destino final da viagem do casal. Anteriormente, os dois estiveram no Qu\u00e9nia onde tiveram oportunidade de aproveitar experi\u00eancias \u00fanicas ao ficarem hospedados no meio dos animais.\u00a0<\/p>\n<p>&#8220;Primeiro dia de viagem e j\u00e1 com uma mem\u00f3ria para a vida: alimentar girafas. Espertas e de l\u00edngua comprida s\u00e3o amig\u00e1veis e lindas. \u00c1frica tem sempre um impacto gigante em quem chega. Pelo modo de vida, pelas cores, pelos sorrisos [&#8230;] O mais bonito de hoje, da vida. \u00c1frica n\u00e3o tem explica\u00e7\u00e3o. E eu nem gostava de ver a vida selvagem na televis\u00e3o. Porque um Safari \u00e9 outra coisa. \u00c9 a beleza diante dos olhos. E o sil\u00eancio cheio de sons&#8221;, referiu Cristina, mostrando o seu total encantamento pela vida selvagem.\u00a0<\/p>\n<p>                                                    <img decoding=\"async\" height=\"640\" with=\"360\" src=\"https:\/\/www.europesays.com\/pt\/wp-content\/uploads\/2026\/01\/naom_6964c7d2a2c02.jpg\" border=\"0\" alt=\"Fotos. Cristina Ferreira e Jo\u00e3o Monteiro em viagem rom\u00e2ntica ao Qu\u00e9nia\"\/><\/p>\n<p>Cristina Ferreira e Jo\u00e3o Monteiro iniciaram o ano com uma viagem rom\u00e2ntica ao Qu\u00e9nia, onde tiveram a oportunidade de participar num safari e ver a vida selvagem bem de perto.<\/p>\n<p>                                                     Not\u00edcias ao Minuto | 11:01 &#8211; 12\/01\/2026 <\/p>\n<p>                                                    Jo\u00e3o Monteiro e Cristina Ferreira: uma rela\u00e7\u00e3o vivida com muitas viagens a dois\u00a0<\/p>\n<p>As viagens a dois s\u00e3o uma constante na vida em casal. Em apenas dois anos de rela\u00e7\u00e3o Cristina e Jo\u00e3o j\u00e1 viajaram o mundo e mais recentemente estiveram a passar o 32.\u00ba anivers\u00e1rio do tenista em Vila do Conde.\u00a0<\/p>\n<p>&#8220;O meu amor faz anos e estamos em Vila do Conde. Confesso que estou completamente rendida ao que j\u00e1 vi e o The lince Santa Clara, hotel que ocupa o antigo convento de Santa Clara, entrou diretamente para o top dos hot\u00e9is portugueses. Abriu h\u00e1 pouco mais de um ano e merece todo o reconhecimento. Pela recupera\u00e7\u00e3o do espa\u00e7o, que foi tamb\u00e9m casa de corre\u00e7\u00e3o, pela vista, pela decora\u00e7\u00e3o e pela simpatia de todos. Muitos s\u00e3o daqui da zona, gente nova cheia de garra. Fico mesmo orgulhosa de em Portugal termos espa\u00e7os destes&#8221;, referiu a comunicadora na partilha de algumas imagens no local.\u00a0<\/p>\n<p>                                                    <img decoding=\"async\" height=\"640\" with=\"360\" src=\"https:\/\/www.europesays.com\/pt\/wp-content\/uploads\/2026\/01\/naom_6960a120a1115.jpg\" border=\"0\" alt=\"Cristina e as primeiras imagens de viagem a \u00c1frica com Jo\u00e3o Monteiro\"\/><\/p>\n<p>A apresentadora Cristina Ferreira come\u00e7ou o ano a conhecer outros pa\u00edses com o namorado, Jo\u00e3o Monteiro, tendo revelado que neste m\u00eas de janeiro marcaram tr\u00eas viagens e a primeira foi a \u00c1frica.<\/p>\n<p>                                                    \u00a0Not\u00edcias ao Minuto | 07:12 &#8211; 09\/01\/2026 <\/p>\n","protected":false},"excerpt":{"rendered":"Cristina Ferreira est\u00e1 a aproveitar umas semanas de descanso ap\u00f3s ter estado um longo per\u00edodo \u00e0 frente do&hellip;\n","protected":false},"author":2,"featured_media":231315,"comment_status":"","ping_status":"","sticky":false,"template":"","format":"standard","meta":{"footnotes":""},"categories":[85],"tags":[114,115,32,33],"class_list":{"0":"post-231314","1":"post","2":"type-post","3":"status-publish","4":"format-standard","5":"has-post-thumbnail","7":"category-entretenimento","8":"tag-entertainment","9":"tag-entretenimento","10":"tag-portugal","11":"tag-pt"},"share_on_mastodon":{"url":"https:\/\/pubeurope.com\/@pt\/115904568583033579","error":""},"_links":{"self":[{"href":"https:\/\/www.europesays.com\/pt\/wp-json\/wp\/v2\/posts\/231314","targetHints":{"allow":["GET"]}}],"collection":[{"href":"https:\/\/www.europesays.com\/pt\/wp-json\/wp\/v2\/posts"}],"about":[{"href":"https:\/\/www.europesays.com\/pt\/wp-json\/wp\/v2\/types\/post"}],"author":[{"embeddable":true,"href":"https:\/\/www.europesays.com\/pt\/wp-json\/wp\/v2\/users\/2"}],"replies":[{"embeddable":true,"href":"https:\/\/www.europesays.com\/pt\/wp-json\/wp\/v2\/comments?post=231314"}],"version-history":[{"count":0,"href":"https:\/\/www.europesays.com\/pt\/wp-json\/wp\/v2\/posts\/231314\/revisions"}],"wp:featuredmedia":[{"embeddable":true,"href":"https:\/\/www.europesays.com\/pt\/wp-json\/wp\/v2\/media\/231315"}],"wp:attachment":[{"href":"https:\/\/www.europesays.com\/pt\/wp-json\/wp\/v2\/media?parent=231314"}],"wp:term":[{"taxonomy":"category","embeddable":true,"href":"https:\/\/www.europesays.com\/pt\/wp-json\/wp\/v2\/categories?post=231314"},{"taxonomy":"post_tag","embeddable":true,"href":"https:\/\/www.europesays.com\/pt\/wp-json\/wp\/v2\/tags?post=231314"}],"curies":[{"name":"wp","href":"https:\/\/api.w.org\/{rel}","templated":true}]}}