{"id":231316,"date":"2026-01-16T11:37:16","date_gmt":"2026-01-16T11:37:16","guid":{"rendered":"https:\/\/www.europesays.com\/pt\/231316\/"},"modified":"2026-01-16T11:37:16","modified_gmt":"2026-01-16T11:37:16","slug":"fitch-alerta-que-fim-da-nato-devido-a-gronelandia-pode-levar-a-descidas-de-ratings-na-europa-mercados","status":"publish","type":"post","link":"https:\/\/www.europesays.com\/pt\/231316\/","title":{"rendered":"Fitch alerta que fim da NATO devido \u00e0 Gronel\u00e2ndia pode levar a descidas de ratings na Europa &#8211; Mercados"},"content":{"rendered":"<p class=\"\">&#13;<br \/>\n        A ag\u00eancia de nota\u00e7\u00e3o de risco Fitch alertou esta quinta-feira que os pa\u00edses europeus podem sofrer descidas de rating caso as tens\u00f5es dos Estados Unidos com a Dinamarca e a Gronel\u00e2ndia levem ao fim da NATO.&#13;\n    <\/p>\n<p class=\"\">&#13;<br \/>\n        O respons\u00e1vel pelos ratings soberanos da Fitch, James Longsdon, referiu em coment\u00e1rios divulgados pelo Investing.com que estes &#8216;ajustes&#8217; de um n\u00edvel seriam semelhantes aos realizados noutras regi\u00f5es inst\u00e1veis do mundo, afetando pa\u00edses como Israel, Taiwan e Coreia do Sul.&#13;\n    <\/p>\n<p class=\"\">&#13;<br \/>\n        O analista indicou que a continuidade da NATO \u00e9 &#8220;claramente&#8221; um fator que a Fitch consideraria ao atribuir os seus ratings de cr\u00e9dito na Europa.&#13;\n    <\/p>\n<p class=\"\">&#13;<br \/>\n        E destacou especificamente que uma maior proximidade geogr\u00e1fica com a R\u00fassia iria piorar os ratings dos pa\u00edses.&#13;\n    <\/p>\n<p class=\"\">&#13;<br \/>\n        Por seu lado, dada a pequena contribui\u00e7\u00e3o da Gronel\u00e2ndia para o PIB da Dinamarca, \u00e9 pouco prov\u00e1vel que a atual crise geopol\u00edtica reduza o &#8220;rating s\u00f3lido&#8221; AAA de Copenhaga.&#13;\n    <\/p>\n<p class=\"\">&#13;<br \/>\n        O Presidente norte-americano, Donald Trump, tem reiterado a inten\u00e7\u00e3o de os Estados Unidos assumirem o controlo da Gronel\u00e2ndia, &#8220;a bem ou a mal&#8221;.&#13;\n    <\/p>\n<p class=\"\">&#13;<br \/>\n        A Gronel\u00e2ndia \u00e9 um territ\u00f3rio aut\u00f3nomo sob soberania da Dinamarca, estrategicamente localizado no \u00c1rtico, com uma popula\u00e7\u00e3o de cerca de 50 mil pessoas.&#13;\n    <\/p>\n<p class=\"\">&#13;<br \/>\n        A Dinamarca anunciou na quarta-feira um aumento imediato das suas for\u00e7as na Gronel\u00e2ndia, bem como a realiza\u00e7\u00e3o de exerc\u00edcios militares, iniciativa \u00e0 qual aderiram Fran\u00e7a, Alemanha, Su\u00e9cia, Noruega, Finl\u00e2ndia e Pa\u00edses Baixos.&#13;\n    <\/p>\n<p class=\"\">&#13;<br \/>\n        A administra\u00e7\u00e3o norte-americana liderada por Trump cobi\u00e7a o territ\u00f3rio sob o pretexto de refor\u00e7ar a &#8220;seguran\u00e7a nacional&#8221; dos Estados Unidos e impedir que a regi\u00e3o caia na influ\u00eancia da China ou da R\u00fassia e a porta-voz da Casa Branca advertiu hoje que o destacamento de tropas europeias para a Gronel\u00e2ndia n\u00e3o ter\u00e1 influ\u00eancia na ambi\u00e7\u00e3o de Donald Trump em rela\u00e7\u00e3o ao territ\u00f3rio aut\u00f3nomo dinamarqu\u00eas.&#13;\n    <\/p>\n","protected":false},"excerpt":{"rendered":"&#13; A ag\u00eancia de nota\u00e7\u00e3o de risco Fitch alertou esta quinta-feira que os pa\u00edses europeus podem sofrer descidas&hellip;\n","protected":false},"author":2,"featured_media":231317,"comment_status":"","ping_status":"","sticky":false,"template":"","format":"standard","meta":{"footnotes":""},"categories":[50],"tags":[27,28,2019,362,40955,4639,92,235,445,15,16,41183,13033,14,25,26,21,22,62,12,44262,13,19,20,23,24,17,18,29,30,31,63,64,65],"class_list":{"0":"post-231316","1":"post","2":"type-post","3":"status-publish","4":"format-standard","5":"has-post-thumbnail","7":"category-mundo","8":"tag-breaking-news","9":"tag-breakingnews","10":"tag-casa","11":"tag-casas","12":"tag-credito-e-divida","13":"tag-dinamarca","14":"tag-donald-trump","15":"tag-estados-unidos","16":"tag-europa","17":"tag-featured-news","18":"tag-featurednews","19":"tag-fitch-ratings","20":"tag-gronelandia","21":"tag-headlines","22":"tag-latest-news","23":"tag-latestnews","24":"tag-main-news","25":"tag-mainnews","26":"tag-mundo","27":"tag-news","28":"tag-notacao-de-risco","29":"tag-noticias","30":"tag-noticias-principais","31":"tag-noticiasprincipais","32":"tag-principais-noticias","33":"tag-principaisnoticias","34":"tag-top-stories","35":"tag-topstories","36":"tag-ultimas","37":"tag-ultimas-noticias","38":"tag-ultimasnoticias","39":"tag-world","40":"tag-world-news","41":"tag-worldnews"},"share_on_mastodon":{"url":"","error":"Validation failed: Text character limit of 500 exceeded"},"_links":{"self":[{"href":"https:\/\/www.europesays.com\/pt\/wp-json\/wp\/v2\/posts\/231316","targetHints":{"allow":["GET"]}}],"collection":[{"href":"https:\/\/www.europesays.com\/pt\/wp-json\/wp\/v2\/posts"}],"about":[{"href":"https:\/\/www.europesays.com\/pt\/wp-json\/wp\/v2\/types\/post"}],"author":[{"embeddable":true,"href":"https:\/\/www.europesays.com\/pt\/wp-json\/wp\/v2\/users\/2"}],"replies":[{"embeddable":true,"href":"https:\/\/www.europesays.com\/pt\/wp-json\/wp\/v2\/comments?post=231316"}],"version-history":[{"count":0,"href":"https:\/\/www.europesays.com\/pt\/wp-json\/wp\/v2\/posts\/231316\/revisions"}],"wp:featuredmedia":[{"embeddable":true,"href":"https:\/\/www.europesays.com\/pt\/wp-json\/wp\/v2\/media\/231317"}],"wp:attachment":[{"href":"https:\/\/www.europesays.com\/pt\/wp-json\/wp\/v2\/media?parent=231316"}],"wp:term":[{"taxonomy":"category","embeddable":true,"href":"https:\/\/www.europesays.com\/pt\/wp-json\/wp\/v2\/categories?post=231316"},{"taxonomy":"post_tag","embeddable":true,"href":"https:\/\/www.europesays.com\/pt\/wp-json\/wp\/v2\/tags?post=231316"}],"curies":[{"name":"wp","href":"https:\/\/api.w.org\/{rel}","templated":true}]}}