{"id":231318,"date":"2026-01-16T11:38:07","date_gmt":"2026-01-16T11:38:07","guid":{"rendered":"https:\/\/www.europesays.com\/pt\/231318\/"},"modified":"2026-01-16T11:38:07","modified_gmt":"2026-01-16T11:38:07","slug":"campanha-termina-hoje-com-maioria-dos-candidatos-em-lisboa","status":"publish","type":"post","link":"https:\/\/www.europesays.com\/pt\/231318\/","title":{"rendered":"Campanha termina hoje com maioria dos candidatos em Lisboa"},"content":{"rendered":"<p>                No \u00faltimo dia da campanha, <b>Ant\u00f3nio Jos\u00e9 Seguro<\/b> come\u00e7a o dia pelas 8h30, numa visita \u00e0 feira de Vila de Conde, deslocando-se de seguida ao Mercado do Bolh\u00e3o, no Porto, e almo\u00e7a nos bombeiros de Vila Nova de Gaia. O candidato apoiado pelo Partido Socialista passa ainda pelas Caldas das Rainhas para uma arruda e termina com uma sess\u00e3o em Lisboa.<\/p>\n<p>Tamb\u00e9m pela regi\u00e3o de Lisboa vai andar<b> Henrique Gouveia e Melo<\/b>, que pela manh\u00e3 vai ao mercado de Benfica e \u00e0 Associa\u00e7\u00e3o Nacional de Fam\u00edlias para a Integra\u00e7\u00e3o da Pessoa Deficiente, na Amadora, e, durante a tarde, visita o Museu Paula Rego, em Cascais, faz uma viagem no &#8216;comboio da esperan\u00e7a&#8217; e termina a campanha com um com\u00edcio de encerramento no P\u00e1tio da Gal\u00e9, em Lisboa.<\/p>\n<p>O candidato apoiado pelo PSD-CDS\/PP<b> Marques Mendes<\/b> come\u00e7a o dia em Sintra, onde vai contactar com a popula\u00e7\u00e3o no mercado municipal, estando depois em Lisboa para almo\u00e7ar com mulheres na Cervejaria Trindade e para um encontro com apoiantes na Gare Mar\u00edtima da Rocha de Conde de \u00d3bidos. Termina a campanha com um encontro com a juventude em Alg\u00e9s.<\/p>\n<p>O presidente do Chega e candidato <b>Andr\u00e9 Ventura <\/b>vai terminar a campanha com a tradicional descida do Chiado, \u00e0s 14h30, e com um com\u00edcio de encerramento de campanha em Lisboa.<\/p>\n<p>Tamb\u00e9m o candidato apoiado pelo PCP <b>Ant\u00f3nio Filipe<\/b> vai fazer o desfile em Lisboa, \u00e0s 17h45, com in\u00edcio no Largo do Carmo, numa a\u00e7\u00e3o que ter\u00e1 a participa\u00e7\u00e3o do secret\u00e1rio-geral do partido, Paulo Raimundo, mas, de manh\u00e3, vai estar ainda na Baixa da Banheira e \u00e0 noite tem um com\u00edcio com apoiantes em Loures.<\/p>\n<p><b>Jorge Pinto<\/b>, apoiado pelo Livre, faz hoje uma viagem de comboio entre Porto e Lisboa e termina a campanha com uma festa-com\u00edcio na capital, que contar\u00e1 com presen\u00e7a do co-l\u00edder do Livre Rui Tavares e da deputada Isabel Mendes Lopes.<\/p>\n<p>Pelo Norte do pa\u00eds vai andar a candidata apoiada pelo Bloco de Esquerda <b>Catarina Martins<\/b> para visitar o mercado de Guimar\u00e3es, as oficinas da EMEF Guif\u00f5es, em Matosinhos, e fazer o jantar de encerramento no Porto.<\/p>\n<p>Tamb\u00e9m<b> Jo\u00e3o Cotrim Figueiredo<\/b>, apoiado pela Iniciativa Liberal, vai visitar o mercado de Guimar\u00e3es meia hora antes de Catarina Martins, deslocando-se depois a Braga para visita a fabrica da Trimalhas e fazer um jantar-com\u00edcio.<\/p>\n<p>Concorrem tamb\u00e9m \u00e0s elei\u00e7\u00f5es presidenciais de domingo o pintor <b>Humberto Correia, Andr\u00e9 Pestana <\/b>e o m\u00fasico <b>Manuel Jo\u00e3o Vieira,<\/b> num total de 11 candidatos, um n\u00famero recorde. <\/p>\n<p>O vencedor deste sufr\u00e1gio vai suceder a Marcelo Rebelo de Sousa, eleito em 2016 e que termina o seu mandato em mar\u00e7o.<\/p>\n<p>Caso nenhum dos candidatos tenha maioria absoluta, haver\u00e1 uma segunda volta em 8 de fevereiro, \u00e0 qual concorrer\u00e3o apenas os dois candidatos mais votados. &#13;\n            <\/p>\n","protected":false},"excerpt":{"rendered":"No \u00faltimo dia da campanha, Ant\u00f3nio Jos\u00e9 Seguro come\u00e7a o dia pelas 8h30, numa visita \u00e0 feira de&hellip;\n","protected":false},"author":2,"featured_media":231319,"comment_status":"","ping_status":"","sticky":false,"template":"","format":"standard","meta":{"footnotes":""},"categories":[10],"tags":[2837,27,28,15,16,14,25,26,21,22,12,13,19,20,32,5215,23,24,33,17,18,29,30,31],"class_list":{"0":"post-231318","1":"post","2":"type-post","3":"status-publish","4":"format-standard","5":"has-post-thumbnail","7":"category-portugal","8":"tag-2837","9":"tag-breaking-news","10":"tag-breakingnews","11":"tag-featured-news","12":"tag-featurednews","13":"tag-headlines","14":"tag-latest-news","15":"tag-latestnews","16":"tag-main-news","17":"tag-mainnews","18":"tag-news","19":"tag-noticias","20":"tag-noticias-principais","21":"tag-noticiasprincipais","22":"tag-portugal","23":"tag-presidenciais","24":"tag-principais-noticias","25":"tag-principaisnoticias","26":"tag-pt","27":"tag-top-stories","28":"tag-topstories","29":"tag-ultimas","30":"tag-ultimas-noticias","31":"tag-ultimasnoticias"},"share_on_mastodon":{"url":"https:\/\/pubeurope.com\/@pt\/115904584394663613","error":""},"_links":{"self":[{"href":"https:\/\/www.europesays.com\/pt\/wp-json\/wp\/v2\/posts\/231318","targetHints":{"allow":["GET"]}}],"collection":[{"href":"https:\/\/www.europesays.com\/pt\/wp-json\/wp\/v2\/posts"}],"about":[{"href":"https:\/\/www.europesays.com\/pt\/wp-json\/wp\/v2\/types\/post"}],"author":[{"embeddable":true,"href":"https:\/\/www.europesays.com\/pt\/wp-json\/wp\/v2\/users\/2"}],"replies":[{"embeddable":true,"href":"https:\/\/www.europesays.com\/pt\/wp-json\/wp\/v2\/comments?post=231318"}],"version-history":[{"count":0,"href":"https:\/\/www.europesays.com\/pt\/wp-json\/wp\/v2\/posts\/231318\/revisions"}],"wp:featuredmedia":[{"embeddable":true,"href":"https:\/\/www.europesays.com\/pt\/wp-json\/wp\/v2\/media\/231319"}],"wp:attachment":[{"href":"https:\/\/www.europesays.com\/pt\/wp-json\/wp\/v2\/media?parent=231318"}],"wp:term":[{"taxonomy":"category","embeddable":true,"href":"https:\/\/www.europesays.com\/pt\/wp-json\/wp\/v2\/categories?post=231318"},{"taxonomy":"post_tag","embeddable":true,"href":"https:\/\/www.europesays.com\/pt\/wp-json\/wp\/v2\/tags?post=231318"}],"curies":[{"name":"wp","href":"https:\/\/api.w.org\/{rel}","templated":true}]}}