{"id":23132,"date":"2025-08-10T03:34:11","date_gmt":"2025-08-10T03:34:11","guid":{"rendered":"https:\/\/www.europesays.com\/pt\/23132\/"},"modified":"2025-08-10T03:34:11","modified_gmt":"2025-08-10T03:34:11","slug":"negocio-da-china-testamos-o-eletrico-mais-barato-da-byd","status":"publish","type":"post","link":"https:\/\/www.europesays.com\/pt\/23132\/","title":{"rendered":"Neg\u00f3cio da China? Test\u00e1mos o el\u00e9trico mais barato da BYD"},"content":{"rendered":"<p>\n\tO BYD Dolphin Surf \u00e9 um citadino com muitos argumentos para ser uma proposta bem sucedida, mas h\u00e1 um aspeto que o poder\u00e1 limitar.\n<\/p>\n<p>                <img decoding=\"async\" src=\"data:image\/svg+xml,%3Csvg%20xmlns=\" http:=\"\" data-lazy-src=\"https:\/\/www.europesays.com\/pt\/wp-content\/uploads\/2025\/08\/BYD-Dolphin-Surf-27.webp.webp\"\/>            <\/p>\n<p><strong>O BYD Dolphin tem qualidades capazes de rivalizar com modelos do segmento acima, mas isso n\u00e3o justifica o pre\u00e7o.<\/strong><\/p>\n<p>        Pr\u00f3s<\/p>\n<ul class=\"c-pros-cons_pros-list\">\n<li>Consumos<\/li>\n<li>Autonomia<\/li>\n<li>Equipamento de s\u00e9rie<\/li>\n<li>Qualidade de montagem<\/li>\n<li>Conforto<\/li>\n<\/ul>\n<p>        Contras<\/p>\n<ul class=\"c-pros-cons_cons-list\">\n<li>Pre\u00e7o<\/li>\n<li>Sistema de infoentretenimento<\/li>\n<li>Apenas quatro lugares<\/li>\n<\/ul>\n<p>Durante os dias que o testei, senti o <a href=\"https:\/\/www.razaoautomovel.com\/etiqueta\/byd-dolphin-surf\/\" rel=\"nofollow noopener\" target=\"_blank\">BYD Dolphin Surf<\/a> sempre como \u201cum peixe fora de \u00e1gua\u201d. E n\u00e3o por ser mau, bem pelo contr\u00e1rio: num segmento onde a conten\u00e7\u00e3o de custos tende a ser uma das prioridades, superou as expectativas.<\/p>\n<p>A proposta da BYD para o segmento dos citadinos est\u00e1, assim, mais alinhada com o sofisticado e \u00abrei\u00bb do espa\u00e7o Hyundai Inster \u2014 <a href=\"https:\/\/www.razaoautomovel.com\/testes\/ensaio-hyundai-inster\/introducao\/\" rel=\"nofollow noopener\" target=\"_blank\">que tamb\u00e9m j\u00e1 test\u00e1mos<\/a> \u2014, do que com o \u00abrei\u00bb dos pre\u00e7os baixos e mais b\u00e1sico, o <a href=\"https:\/\/www.razaoautomovel.com\/etiqueta\/dacia-spring\/\" rel=\"nofollow noopener\" target=\"_blank\">Dacia Spring<\/a>.<\/p>\n<p><a href=\"https:\/\/www.europesays.com\/pt\/wp-content\/uploads\/2025\/08\/BYD-Dolphin-Surf-02.webp.webp\"><img loading=\"lazy\" decoding=\"async\" width=\"2048\" height=\"1152\" src=\"data:image\/svg+xml,%3Csvg%20xmlns=\" http:=\"\" alt=\"BYD Dolphin Surf, frente 3\/4\" class=\"wp-image-1053961\" data-lazy- data-lazy- data-lazy-src=\"https:\/\/www.europesays.com\/pt\/wp-content\/uploads\/2025\/08\/BYD-Dolphin-Surf-02.webp.webp\"\/><\/a>\u00a9 Raz\u00e3o Autom\u00f3vel N\u00e3o parece, mas o BYD Dolphin Surf \u00e9 comprido como os modelos do segmento acima, o dos utilit\u00e1rios: 3,99 m de comprimento. A largura de 1,72 m, n\u00e3o fica muito atr\u00e1s, assim como a dist\u00e2ncia entre eixos de 2,5 m. Parece mais pequeno do que \u00e9 devido \u00e0 altura: 1,59 m.<\/p>\n<p>N\u00e3o fosse o espa\u00e7o a bordo algo limitado e o BYD Dolphin Surf at\u00e9 reunia argumentos de peso para vingar\u2026 no segmento acima, onde habitam propostas como o <a href=\"https:\/\/www.razaoautomovel.com\/etiqueta\/fiat-grande-panda\/\" rel=\"nofollow noopener\" target=\"_blank\">FIAT Grande Panda<\/a> e o \u00abprimo\u00bb <a href=\"https:\/\/www.razaoautomovel.com\/etiqueta\/citroen-e-c3\/\" rel=\"nofollow noopener\" target=\"_blank\">Citro\u00ebn \u00eb-C3<\/a>.<\/p>\n<p>Como vai perceber nas pr\u00f3ximas linhas, n\u00e3o lhe faltam atributos. Mas na vers\u00e3o que testei, o pre\u00e7o ser\u00e1 provavelmente o seu maior obst\u00e1culo para vingar no mercado nacional.<\/p>\n<p>                <img decoding=\"async\" src=\"data:image\/svg+xml,%3Csvg%20xmlns=\" http:=\"\" data-lazy-src=\"https:\/\/www.europesays.com\/pt\/wp-content\/uploads\/2025\/08\/BYD-Dolphin-Surf-01.webp.webp\"\/>            <\/p>\n<p>Visual que conquista<\/p>\n<p>O Dolphin Surf come\u00e7a por conquistar, na minha opini\u00e3o, com o seu visual que, sem que isso seja uma cr\u00edtica, parece inspirar-se em alguns detalhes de superdesportivos \u2014 Lamborghini Hurac\u00e1n, est\u00e1s \u00e0 escuta?<\/p>\n<blockquote class=\"instagram-media\" data-instgrm-permalink=\"https:\/\/www.instagram.com\/reel\/DMsATj5MF0R\/?utm_source=ig_embed&amp;utm_campaign=loading\" data-instgrm-version=\"14\" style=\" background:#FFF; border:0; border-radius:3px; box-shadow:0 0 1px 0 rgba(0,0,0,0.5),0 1px 10px 0 rgba(0,0,0,0.15); margin: 1px; max-width:540px; min-width:326px; padding:0; width:99.375%; width:-webkit-calc(100% - 2px); width:calc(100% - 2px);\"\/>\n<p>Enquanto alguns concorrentes optam por linhas mais conservadoras e consensuais, o compacto chin\u00eas distingue-se por adotar um visual angular e din\u00e2mico, que lhe confere uma personalidade jovem e, se me permitem, desportiva. <\/p>\n<p>A isto, juntam-se os far\u00f3is \u00abrasgados\u00bb, a linha das janelas descendente, os guarda-lamas proeminentes e o spoiler traseiro bastante alongado.<\/p>\n<p>Estas linhas ganham ainda mais destaque com a pintura \u201cVerde Lima\u201d (de s\u00e9rie em todas as vers\u00f5es), capaz de atrair olhares por onde quer que passe.<\/p>\n<p>Mas se o estilo \u00e9 subjetivo, o mesmo n\u00e3o se aplica \u00e0s dimens\u00f5es, que impressionam: o Dolphin Surf \u00e9 a maior proposta 100% el\u00e9trica do segmento. Comparando-o com o Dacia Spring ou o Hyundai Inster, o BYD \u00e9 mais comprido (3,99 m) e tamb\u00e9m mais largo (1,72 m), ficando apenas atr\u00e1s do modelo sul-coreano na dist\u00e2ncia entre eixos: 2,5 m contra 2,58 m.<\/p>\n<p>Al\u00e9m disso, \u00e9 mais comprido que propostas de segmento superior, como o <a href=\"https:\/\/www.razaoautomovel.com\/etiqueta\/renault-5\/\" rel=\"nofollow noopener\" target=\"_blank\">Renault 5<\/a> (3,92 m) e muito pr\u00f3ximo do Citro\u00ebn \u00eb-C3, que leva vantagem por dois cent\u00edmetros (4,01 m).<\/p>\n<p>                <img decoding=\"async\" src=\"data:image\/svg+xml,%3Csvg%20xmlns=\" http:=\"\" data-lazy-src=\"https:\/\/www.europesays.com\/pt\/wp-content\/uploads\/2025\/08\/BYD-Dolphin-Surf-18.webp.webp\"\/>            <\/p>\n<p>Interior espa\u00e7oso q.b.<\/p>\n<p>Apesar das dimens\u00f5es generosas exteriores, n\u00e3o se reflete no espa\u00e7o oferecido no interior. O Hyundai Inster, por exemplo, \u00e9 bem mais espa\u00e7oso. Tal como este, o Dolphin Surf tamb\u00e9m s\u00f3 tem quatro lugares \u2014 uma caracter\u00edstica que, neste segmento, est\u00e1 longe de ser negativa.<\/p>\n<p>Ainda assim, com o assento do condutor ajustado para os meus 1,78 m, o Dolphin Surf n\u00e3o se recusou a percorrer algumas centenas de quil\u00f3metros com quatro adultos a bordo, todos sentados confortavelmente. <\/p>\n<p>Mas se o espa\u00e7o para os ocupantes n\u00e3o impressiona tanto quanto o do Inster, o mais pequeno dos Dolphin compensa com a maior bagageira do segmento, ao n\u00edvel de propostas do segmento acima: 308 litros.<\/p>\n<p>Por outro lado, o BYD Dolphin Surf n\u00e3o oferece bagageira dianteira ou frunk, reservando esse espa\u00e7o para o motor el\u00e9trico.<\/p>\n<p>A tudo isto, junta-se o conte\u00fado tecnol\u00f3gico bastante convincente e, ao contr\u00e1rio do que \u00e9 normal neste tipo de propostas, a qualidade de montagem mostrou-se irrepreens\u00edvel e livre de barulhos parasitas. Os materiais, por outro lado, n\u00e3o s\u00e3o os mais agrad\u00e1veis \u00e0 vista e ao toque, mas tamb\u00e9m n\u00e3o fogem ao habitual no segmento.<\/p>\n<p>De resto, s\u00f3 uma nota para os comandos f\u00edsicos na consola central que pecam pela usabilidade \u2014 t\u00eam um formato cil\u00edndrico, mas falta uma patilha para facilitar o seu uso \u2014, e visibilidade dos s\u00edmbolos. Especialmente quando o sol incide diretamente.<\/p>\n<p>                <img decoding=\"async\" src=\"data:image\/svg+xml,%3Csvg%20xmlns=\" http:=\"\" data-lazy-src=\"https:\/\/www.europesays.com\/pt\/wp-content\/uploads\/2025\/08\/BYD-Dolphin-Surf.28.webp.webp\"\/>            <\/p>\n<p>Em estrada, o BYD Dolphin Surf foi uma agrad\u00e1vel surpresa. Num segmento onde a maioria das propostas se limita a cumprir as obriga\u00e7\u00f5es do dia a dia, o compacto chin\u00eas faz tudo isso, mas com uma dose de conforto que n\u00e3o era expect\u00e1vel.<\/p>\n<p>No seu habitat natural (a cidade), as dimens\u00f5es compactas conferem-lhe uma condu\u00e7\u00e3o \u00e1gil e facilitam as manobras de estacionamento, apesar da visibilidade traseira algo limitada \u2014 a c\u00e2mara 360\u00ba compensa neste ponto. A dire\u00e7\u00e3o revelou-se tamb\u00e9m algo \u00abpesada\u00bb e pouco comunicativa, e o pedal do trav\u00e3o mostrou-se esponjoso e dif\u00edcil de \u00abdecifrar\u00bb.<\/p>\n<p>Mas n\u00e3o \u00e9 s\u00f3 na cidade onde o compacto chin\u00eas se sente \u00e0 vontade. Com 115 kW (156 cv) ao dispor do p\u00e9 direito, \u00e9 poss\u00edvel adotar ritmos muito interessantes, dando-lhe a confian\u00e7a necess\u00e1ria para enfrentar a autoestrada, onde nunca senti falta de pot\u00eancia e mostrou-se muito est\u00e1vel.<\/p>\n<p>Mas a autoestrada \u00e9 tamb\u00e9m o \u00abcalcanhar de Aquiles\u00bb para muitos el\u00e9tricos, especialmente nestes de voca\u00e7\u00e3o urbana, com baterias de capacidade modesta \u2014 cerca de 43 kWh no caso do Dolphin Surf. Neste cen\u00e1rio, registei consumos em torno dos 18 kWh\/100 km, pelo que esperem autonomias inferiores a 250 km por carga completa.<\/p>\n<p>Faz muito mais sentido em cidade, onde o sistema el\u00e9trico do citadino da BYD destacou-se pela efici\u00eancia, tendo sido f\u00e1cil manter os consumos abaixo dos 12 kWh\/100 km, gra\u00e7as tamb\u00e9m \u00e0 recupera\u00e7\u00e3o de energia \u2014 tem dois n\u00edveis que pouco diferem entre si. <\/p>\n<p>Neste contexto, a autonomia anunciada de 310 km (ciclo combinado WLTP) pode ser superada com alguma facilidade. No final deste ensaio, a m\u00e9dia at\u00e9 ficou um pouco abaixo dos 16 kWh\/100 km oficiais.<\/p>\n<p>                <img decoding=\"async\" src=\"data:image\/svg+xml,%3Csvg%20xmlns=\" http:=\"\" data-lazy-src=\"https:\/\/www.europesays.com\/pt\/wp-content\/uploads\/2025\/08\/BYD-Dolphin-Surf-11.webp.webp\"\/>            <\/p>\n<p>O grande \u00absen\u00e3o\u00bb do Dolphin Surf<\/p>\n<p>O BYD Dolphin Surf quer fazer parte desta nova era de modelos 100% el\u00e9tricos acess\u00edveis, mas fica-se pelo querer. Apesar de reunir argumentos de peso, n\u00e3o \u00e9 o \u00abneg\u00f3cio da China\u00bb esperado e poder\u00e1 ser um dos principais entraves ao seu sucesso em Portugal. <\/p>\n<p>Na vers\u00e3o de acesso Active \u2014  motor de 65 kW (88 cv), bateria de 30 kWh e autonomia de 220 km \u2014, os pre\u00e7os come\u00e7am j\u00e1 nos 22 318 euros, superior ao Dacia Spring ou ao conterr\u00e2neo <a href=\"https:\/\/www.razaoautomovel.com\/testes\/primeiro-contacto-leapmotor-t03\/\" rel=\"nofollow noopener\" target=\"_blank\">Leapmotor T03<\/a> (mais autonomia e tamb\u00e9m com muito equipamento de s\u00e9rie). <\/p>\n<p><img loading=\"lazy\" decoding=\"async\" width=\"2048\" height=\"1152\" src=\"data:image\/svg+xml,%3Csvg%20xmlns=\" http:=\"\" alt=\"Motor do BYD Dolphin Surf\" class=\"wp-image-1053917\" data-lazy- data-lazy- data-lazy-src=\"https:\/\/www.europesays.com\/pt\/wp-content\/uploads\/2025\/08\/BYD-Dolphin-Surf-16.webp.webp\"\/>\u00a9 Raz\u00e3o Autom\u00f3vel Na vers\u00e3o testada, o compacto chin\u00eas tem 115 kW (156 cv) e 220 Nm de bin\u00e1rio.<\/p>\n<p>Mas o Dolphin Surf que testei era o topo de gama, o Comfort: 156 cv, bateria de 42,3 kWh e 310 km de autonomia. <strong>Neste caso, o pre\u00e7o sobe para cerca de <a href=\"https:\/\/www.credibom.pt\/credito\/automovel\" target=\"_blank\" rel=\"noreferrer noopener nofollow\">29 420 euros<\/a><\/strong> e, se optar por uma cor diferente da \u201cVerde Lima\u201d, ultrapassa facilmente a fasquia dos 30 mil euros. <\/p>\n<p>H\u00e1 uma vers\u00e3o interm\u00e9dia Boost, que combina o motor menos potente (88 cv) com a bateria maior (42,3 kW\/h), resultando na maior autonomia da gama, de at\u00e9 322 km (WLTP). O pre\u00e7o come\u00e7a nos 26 423 euros.<\/p>\n<p>Mesmo com uma lista de equipamento muito completa, estes valores posicionam o citadino da BYD num \u00abterrit\u00f3rio\u00bb onde j\u00e1 encontramos propostas do segmento acima, como <a href=\"https:\/\/www.razaoautomovel.com\/testes\/renault-5-e-tech-eletrico-video\/\" rel=\"nofollow noopener\" target=\"_blank\">Renault 5<\/a> ou o Citro\u00ebn \u00eb-C3, dispon\u00edveis a partir de 24 900 euros e 23 750 euros, respetivamente, ambos com baterias e autonomias semelhantes\u2026 e espa\u00e7o para cinco ocupantes.<\/p>\n<p>                <img decoding=\"async\" src=\"data:image\/svg+xml,%3Csvg%20xmlns=\" http:=\"\" data-lazy-src=\"https:\/\/www.europesays.com\/pt\/wp-content\/uploads\/2025\/08\/BYD-Dolphin-Surf-04.webp.webp\"\/><br \/>\n            Veredito        <\/p>\n<p>                            BYD Dolphin Surf<\/p>\n<p>\t\t\t\t7.5\/10<\/p>\n<p>O BYD Dolphin Surf foi uma grande surpresa: pelo conte\u00fado tecnol\u00f3gico, pela efici\u00eancia do sistema el\u00e9trico e pelo conforto com que \u00abrola\u00bb na estrada. Apesar de ser um citadino, tem atributos que o fazem rivalizar com propostas do segmento acima. O problema? O pre\u00e7o, que tamb\u00e9m est\u00e1 alinhado com essas propostas que s\u00e3o, em v\u00e1rios, casos, mais apelativas.<\/p>\n<p>        Pr\u00f3s<\/p>\n<ul class=\"c-pros-cons_pros-list\">\n<li>Consumos<\/li>\n<li>Autonomia<\/li>\n<li>Equipamento de s\u00e9rie<\/li>\n<li>Qualidade de montagem<\/li>\n<li>Conforto<\/li>\n<\/ul>\n<p>        Contras<\/p>\n<ul class=\"c-pros-cons_cons-list\">\n<li>Pre\u00e7o<\/li>\n<li>Sistema de infoentretenimento<\/li>\n<li>Apenas quatro lugares<\/li>\n<\/ul>\n<p>                <img decoding=\"async\" src=\"data:image\/svg+xml,%3Csvg%20xmlns=\" http:=\"\" data-lazy-src=\"https:\/\/www.europesays.com\/pt\/wp-content\/uploads\/2025\/08\/BYD-Dolphin-Surf-16.webp.webp\"\/><br \/>\n            Especifica\u00e7\u00f5es t\u00e9cnicas        <\/p>\n<p>Vers\u00e3o base:22.318\u20ac<\/p>\n<p style=\"margin-top:-8px;\">Classifica\u00e7\u00e3o Euro NCAP: <\/p>\n<p>\t\t\t\t0\/5<\/p>\n<p class=\"s-price\">29.423\u20ac<\/p>\n<p class=\"s-text\">Pre\u00e7o unidade ensaiada<\/p>\n<p>          Motor<\/p>\n<ul class=\"c-car-details-card__tabbed-data\">\n<li><strong>Arquitectura:<\/strong>Motor s\u00edncrono de magneto permanente <\/li>\n<li><strong>Posi\u00e7\u00e3o:<\/strong> Dianteiro, transversal<\/li>\n<li><strong>Carregamento:<\/strong> Bateria de 43,2 kWh<\/li>\n<li><strong>Pot\u00eancia:<\/strong><br \/>\n              115 kW (156 cv)\n          <\/li>\n<li><strong>Bin\u00e1rio:<\/strong><br \/>\n              220 Nm\n          <\/li>\n<\/ul>\n<p>          Transmiss\u00e3o<\/p>\n<ul class=\"c-car-details-card__tabbed-data\">\n<li><strong>Trac\u00e7\u00e3o:\u00a0<\/strong>Dianteira <\/li>\n<li><strong>Caixa de velocidades:\u00a0<\/strong> Rela\u00e7\u00e3o \u00fanica<\/li>\n<\/ul>\n<p>          Capacidade e dimens\u00f5es<\/p>\n<ul class=\"c-car-details-card__tabbed-data\">\n<li><strong>Comprimento:\u00a0<\/strong>3990 mm <\/li>\n<li><strong>Largura:\u00a0<\/strong>1720 mm <\/li>\n<li><strong>Altura:\u00a0<\/strong>1590 mm <\/li>\n<li><strong>Dist\u00e2ncia entre os eixos:\u00a0<\/strong>2500 mm <\/li>\n<li><strong>Bagageira:\u00a0<\/strong>308-1037 litros <\/li>\n<li><strong>Jantes \/ Pneus:\u00a0<\/strong>185\/55 R16 <\/li>\n<li><strong>Peso:\u00a0<\/strong>1465 kg <\/li>\n<\/ul>\n<p>          Consumo e Performance<\/p>\n<ul class=\"c-car-details-card__tabbed-data\">\n<li><strong>M\u00e9dia de consumo:<\/strong>\u00a016 kWh\/100 km; Autonomia: 310 km\n          <\/li>\n<li><strong>Velocidade m\u00e1xima:<\/strong>\u00a0150 km\/h <\/li>\n<li><strong>Acelera\u00e7\u00e3o m\u00e1xima:<\/strong>\u00a0&gt;9,1s <\/li>\n<\/ul>\n<p>          Equipamentos<\/p>\n<ul class=\"c-car-details-card__tabbed-data\">\n<p>                Tem:<\/p>\n<ul class=\"c-pros-cons_pros-list\">\n<li>Far\u00f3is autom\u00e1ticos em LED<\/li>\n<li>Controlo Inteligente de M\u00e1ximos (IHBC)<\/li>\n<li>Jantes de liga leve de 16\u2033<\/li>\n<li>Espelhos retrovisores exteriores aquecidos, eletricamente ajust\u00e1veis e rebat\u00edveis<\/li>\n<li>Vidros traseiros escurecidos<\/li>\n<li>Volante e bancos em pele vegan<\/li>\n<li>Bancos dianteiros com regula\u00e7\u00e3o el\u00e9trica e fun\u00e7\u00e3o de aquecimento<\/li>\n<li>Painel de instrumentos (7\u2033) e ecr\u00e3 central (10,1\u2033) digitais<\/li>\n<li>Integra\u00e7\u00e3o Android Audo e Apple CarPlay sem fios<\/li>\n<li>Consola central com carregador sem fios<\/li>\n<li>Sensores de estacionamento traseiros e c\u00e2maras de 360\u00ba<\/li>\n<li>Cruise Control Adaptativo (ACC) e Inteligente (ICC)<\/li>\n<li>Assistente de Sa\u00edda de Faixa de Rodagem (LDA)<\/li>\n<li>Reconhecimento de Sinais de Tr\u00e2nsito (TSR)<\/li>\n<\/ul>\n<\/ul>\n<p>        <a href=\"https:\/\/www.razaoautomovel.com\/perfil\/miguel-nascimento\/\" rel=\"nofollow noopener\" target=\"_blank\"><br \/>\n            <img loading=\"lazy\" alt=\"Avatar photo\" src=\"data:image\/svg+xml,%3Csvg%20xmlns=\" http:=\"\" data-lazy- class=\"avatar avatar-96 photo\" height=\"96\" width=\"96\" decoding=\"async\" data-lazy-src=\"https:\/\/www.europesays.com\/pt\/wp-content\/uploads\/2025\/08\/miguel-nascimento-perfil-2025-96x96.jpg\"\/>        <\/a>  <\/p>\n<p>\t\t\t\t\t<script async src=\"\/\/www.instagram.com\/embed.js\"><\/script><\/p>\n","protected":false},"excerpt":{"rendered":"O BYD Dolphin Surf \u00e9 um citadino com muitos argumentos para ser uma proposta bem sucedida, mas h\u00e1&hellip;\n","protected":false},"author":2,"featured_media":23133,"comment_status":"","ping_status":"","sticky":false,"template":"","format":"standard","meta":{"footnotes":""},"categories":[83],"tags":[88,3895,3896,8183,89,428,90,32,33,951],"class_list":{"0":"post-23132","1":"post","2":"type-post","3":"status-publish","4":"format-standard","5":"has-post-thumbnail","7":"category-empresas","8":"tag-business","9":"tag-byd","10":"tag-byd-dolphin-surf","11":"tag-citadinos","12":"tag-economy","13":"tag-eletricos","14":"tag-empresas","15":"tag-portugal","16":"tag-pt","17":"tag-testes"},"share_on_mastodon":{"url":"","error":""},"_links":{"self":[{"href":"https:\/\/www.europesays.com\/pt\/wp-json\/wp\/v2\/posts\/23132","targetHints":{"allow":["GET"]}}],"collection":[{"href":"https:\/\/www.europesays.com\/pt\/wp-json\/wp\/v2\/posts"}],"about":[{"href":"https:\/\/www.europesays.com\/pt\/wp-json\/wp\/v2\/types\/post"}],"author":[{"embeddable":true,"href":"https:\/\/www.europesays.com\/pt\/wp-json\/wp\/v2\/users\/2"}],"replies":[{"embeddable":true,"href":"https:\/\/www.europesays.com\/pt\/wp-json\/wp\/v2\/comments?post=23132"}],"version-history":[{"count":0,"href":"https:\/\/www.europesays.com\/pt\/wp-json\/wp\/v2\/posts\/23132\/revisions"}],"wp:featuredmedia":[{"embeddable":true,"href":"https:\/\/www.europesays.com\/pt\/wp-json\/wp\/v2\/media\/23133"}],"wp:attachment":[{"href":"https:\/\/www.europesays.com\/pt\/wp-json\/wp\/v2\/media?parent=23132"}],"wp:term":[{"taxonomy":"category","embeddable":true,"href":"https:\/\/www.europesays.com\/pt\/wp-json\/wp\/v2\/categories?post=23132"},{"taxonomy":"post_tag","embeddable":true,"href":"https:\/\/www.europesays.com\/pt\/wp-json\/wp\/v2\/tags?post=23132"}],"curies":[{"name":"wp","href":"https:\/\/api.w.org\/{rel}","templated":true}]}}