{"id":231320,"date":"2026-01-16T11:39:22","date_gmt":"2026-01-16T11:39:22","guid":{"rendered":"https:\/\/www.europesays.com\/pt\/231320\/"},"modified":"2026-01-16T11:39:22","modified_gmt":"2026-01-16T11:39:22","slug":"thiago-silva-reage-a-vitoria-no-classico-que-noite-portistas-fc-porto","status":"publish","type":"post","link":"https:\/\/www.europesays.com\/pt\/231320\/","title":{"rendered":"Thiago Silva reage \u00e0 vit\u00f3ria no cl\u00e1ssico: \u00abQue noite, portistas!\u00bb &#8211; FC Porto"},"content":{"rendered":"<p>                    15 janeiro 2026 &#8211; 00:59<\/p>\n<p>Internacional brasileiro estreou-se de azul e branco frente ao Benfica<\/p>\n<p>    &#13;<br \/>\n            &#13;<br \/>\n                &#13;<br \/>\n                    &#13;<br \/>\n                &#13;<br \/>\n                &#13;<br \/>\n            &#13;<\/p>\n<p class=\"\">&#13;<br \/>\n        Depois de ser o primeiro e logo muito sonante refor\u00e7o de inverno do FC Porto, Thiago Silva estreou-se como drag\u00e3o na vit\u00f3ria caseira frente ao Benfica (1-0), realizando toda a dura\u00e7\u00e3o da partida, mesmo aos 41 anos.\u00a0&#13;\n    <\/p>\n<p class=\"\">&#13;<br \/>\n        O defesa-central e internacional brasileiro n\u00e3o perdeu tempo e, momentos ap\u00f3s o final do encontro, reagiu \u00e0 estreia nas redes sociais. &#8220;Que noite portistas, obrigado por me receberem t\u00e3o bem. Que energia! Que esp\u00edrito de equipa. Foi tudo muito incr\u00edvel! Seguimos!&#8221;, pode ler-se no seu Instagram oficial e tamb\u00e9m no X.\u00a0&#13;\n    <\/p>\n<p class=\"\">&#13;<br \/>\n        Uma publica\u00e7\u00e3o que j\u00e1 mereceu a rea\u00e7\u00e3o de v\u00e1rios colegas de equipa, como Borja Sainz, Pep\u00ea e Pablo Rosario, assim como antigos companheiros de Thiago Silva, tal como Nen\u00ea, antigo jogador do Paris Saint-Germain.\u00a0&#13;\n    <\/p>\n","protected":false},"excerpt":{"rendered":"15 janeiro 2026 &#8211; 00:59 Internacional brasileiro estreou-se de azul e branco frente ao Benfica &#13; &#13; &#13;&hellip;\n","protected":false},"author":2,"featured_media":231321,"comment_status":"","ping_status":"","sticky":false,"template":"","format":"standard","meta":{"footnotes":""},"categories":[8],"tags":[27,28,15,16,14,25,26,21,22,12,13,19,20,32,23,24,33,17,18,29,30,31],"class_list":{"0":"post-231320","1":"post","2":"type-post","3":"status-publish","4":"format-standard","5":"has-post-thumbnail","7":"category-principais-noticias","8":"tag-breaking-news","9":"tag-breakingnews","10":"tag-featured-news","11":"tag-featurednews","12":"tag-headlines","13":"tag-latest-news","14":"tag-latestnews","15":"tag-main-news","16":"tag-mainnews","17":"tag-news","18":"tag-noticias","19":"tag-noticias-principais","20":"tag-noticiasprincipais","21":"tag-portugal","22":"tag-principais-noticias","23":"tag-principaisnoticias","24":"tag-pt","25":"tag-top-stories","26":"tag-topstories","27":"tag-ultimas","28":"tag-ultimas-noticias","29":"tag-ultimasnoticias"},"share_on_mastodon":{"url":"https:\/\/pubeurope.com\/@pt\/115904588294064690","error":""},"_links":{"self":[{"href":"https:\/\/www.europesays.com\/pt\/wp-json\/wp\/v2\/posts\/231320","targetHints":{"allow":["GET"]}}],"collection":[{"href":"https:\/\/www.europesays.com\/pt\/wp-json\/wp\/v2\/posts"}],"about":[{"href":"https:\/\/www.europesays.com\/pt\/wp-json\/wp\/v2\/types\/post"}],"author":[{"embeddable":true,"href":"https:\/\/www.europesays.com\/pt\/wp-json\/wp\/v2\/users\/2"}],"replies":[{"embeddable":true,"href":"https:\/\/www.europesays.com\/pt\/wp-json\/wp\/v2\/comments?post=231320"}],"version-history":[{"count":0,"href":"https:\/\/www.europesays.com\/pt\/wp-json\/wp\/v2\/posts\/231320\/revisions"}],"wp:featuredmedia":[{"embeddable":true,"href":"https:\/\/www.europesays.com\/pt\/wp-json\/wp\/v2\/media\/231321"}],"wp:attachment":[{"href":"https:\/\/www.europesays.com\/pt\/wp-json\/wp\/v2\/media?parent=231320"}],"wp:term":[{"taxonomy":"category","embeddable":true,"href":"https:\/\/www.europesays.com\/pt\/wp-json\/wp\/v2\/categories?post=231320"},{"taxonomy":"post_tag","embeddable":true,"href":"https:\/\/www.europesays.com\/pt\/wp-json\/wp\/v2\/tags?post=231320"}],"curies":[{"name":"wp","href":"https:\/\/api.w.org\/{rel}","templated":true}]}}