{"id":231324,"date":"2026-01-16T11:46:07","date_gmt":"2026-01-16T11:46:07","guid":{"rendered":"https:\/\/www.europesays.com\/pt\/231324\/"},"modified":"2026-01-16T11:46:07","modified_gmt":"2026-01-16T11:46:07","slug":"f-c-porto-faz-queixa-do-benfica-por-danos-no-banco-de-suplentes-no-dragao","status":"publish","type":"post","link":"https:\/\/www.europesays.com\/pt\/231324\/","title":{"rendered":"F. C. Porto faz queixa do Benfica por danos no banco de suplentes no Drag\u00e3o"},"content":{"rendered":"<p data-remotead-prev-elm=\"true\" data-remotead-elm-id=\"inread\">A situa\u00e7\u00e3o foi revelada pelo presidente dos drag\u00f5es, em declara\u00e7\u00f5es prestadas \u00e0 margem de uma homenagem a Metsu Mide, campe\u00e3o do Mundo de sub-17, na C\u00e2mara de Municipal de Vila Nova de Gaia.<\/p>\n<p>&#8220;S\u00f3 posso constatar os rasgos que tenho no banco de suplentes do Benfica e uma s\u00e9rie de danos sem fim nas bancadas. No jogo anterior, foi grafitada uma parte pela claque do Benfica e agora houve um sem n\u00famero de incidentes e grafittis nas instala\u00e7\u00f5es sanit\u00e1rias&#8221;, revelou Andr\u00e9 Villas-Boas.<\/p>\n<p>Segundo foi poss\u00edvel apurar, os danos foram provocados por Gon\u00e7alo Oliveira, jogador do Benfica, que aparece em imagens a raspar v\u00e1rias vezes os pit\u00f5es das chuteiras pelas cadeiras do banco de suplentes, acabando por abrir rasg\u00f5es em tr\u00eas delas.<\/p>\n<p>O jovem jogador j\u00e1 veio pedir desculpa pelo comportamento. &#8220;Lamento o ato irrefletido que me levou a danificar o banco de suplentes no cl\u00e1ssico com o F. C. Porto, no Est\u00e1dio do Drag\u00e3o. N\u00e3o me revejo neste tipo de comportamento nem s\u00e3o estes os valores que me s\u00e3o transmitidos pelo Sport Lisboa e Benfica&#8221;, escreveu o jogador, na rede social Instagram.<\/p>\n","protected":false},"excerpt":{"rendered":"A situa\u00e7\u00e3o foi revelada pelo presidente dos drag\u00f5es, em declara\u00e7\u00f5es prestadas \u00e0 margem de uma homenagem a Metsu&hellip;\n","protected":false},"author":2,"featured_media":231325,"comment_status":"","ping_status":"","sticky":false,"template":"","format":"standard","meta":{"footnotes":""},"categories":[87],"tags":[3073,135,20558,32,33,3099,134],"class_list":{"0":"post-231324","1":"post","2":"type-post","3":"status-publish","4":"format-standard","5":"has-post-thumbnail","7":"category-desporto","8":"tag-andre-villas-boas","9":"tag-desporto","10":"tag-f-c-porto","11":"tag-portugal","12":"tag-pt","13":"tag-sl-benfica","14":"tag-sports"},"share_on_mastodon":{"url":"https:\/\/pubeurope.com\/@pt\/115904615771392043","error":""},"_links":{"self":[{"href":"https:\/\/www.europesays.com\/pt\/wp-json\/wp\/v2\/posts\/231324","targetHints":{"allow":["GET"]}}],"collection":[{"href":"https:\/\/www.europesays.com\/pt\/wp-json\/wp\/v2\/posts"}],"about":[{"href":"https:\/\/www.europesays.com\/pt\/wp-json\/wp\/v2\/types\/post"}],"author":[{"embeddable":true,"href":"https:\/\/www.europesays.com\/pt\/wp-json\/wp\/v2\/users\/2"}],"replies":[{"embeddable":true,"href":"https:\/\/www.europesays.com\/pt\/wp-json\/wp\/v2\/comments?post=231324"}],"version-history":[{"count":0,"href":"https:\/\/www.europesays.com\/pt\/wp-json\/wp\/v2\/posts\/231324\/revisions"}],"wp:featuredmedia":[{"embeddable":true,"href":"https:\/\/www.europesays.com\/pt\/wp-json\/wp\/v2\/media\/231325"}],"wp:attachment":[{"href":"https:\/\/www.europesays.com\/pt\/wp-json\/wp\/v2\/media?parent=231324"}],"wp:term":[{"taxonomy":"category","embeddable":true,"href":"https:\/\/www.europesays.com\/pt\/wp-json\/wp\/v2\/categories?post=231324"},{"taxonomy":"post_tag","embeddable":true,"href":"https:\/\/www.europesays.com\/pt\/wp-json\/wp\/v2\/tags?post=231324"}],"curies":[{"name":"wp","href":"https:\/\/api.w.org\/{rel}","templated":true}]}}