{"id":231328,"date":"2026-01-16T11:48:09","date_gmt":"2026-01-16T11:48:09","guid":{"rendered":"https:\/\/www.europesays.com\/pt\/231328\/"},"modified":"2026-01-16T11:48:09","modified_gmt":"2026-01-16T11:48:09","slug":"audiencias-da-cerimonia-dos-globos-de-ouro-voltam-a-cair-nos-eua","status":"publish","type":"post","link":"https:\/\/www.europesays.com\/pt\/231328\/","title":{"rendered":"Audi\u00eancias da cerim\u00f3nia dos Globos de Ouro voltam a cair nos EUA"},"content":{"rendered":"<p>O n\u00famero de pessoas que assistiram \u00e0 cerim\u00f3nia dos Globos de Ouro diminuiu este ano, anunciaram os organizadores na quarta-feira, enquanto continua a temporada de pr\u00e9mios de Hollywood.<\/p>\n<p>Cerca de 8,7 milh\u00f5es de pessoas nos EUA assistiram \u00e0 cerim\u00f3nia recheada de estrelas, dominada pelo \u00e9pico de conspira\u00e7\u00e3o de Paul Thomas Anderson &#8220;Batalha Atr\u00e1s de Batalha&#8221;.<\/p>\n<p>Este n\u00famero representa uma queda em rela\u00e7\u00e3o aos 9,3 milh\u00f5es que assistiram no ano passado, de acordo com dados do Instituto Nielsen, e \u00e9 cerca de metade do tamanho da audi\u00eancia pouco antes da pandemia de COVID-19.<\/p>\n<p>Os Globos de Ouro, h\u00e1 muito considerados a maior festa de Hollywood e estrondoso precursor dos \u00d3scares, a cerim\u00f3nia de encerramento da temporada de pr\u00e9mios, foram assolados por esc\u00e2ndalos e acusa\u00e7\u00f5es de racismo que levaram ao cancelamento do evento em 2022.<\/p>\n<p>O evento acabou por ser cancelado pelo canal NBC, mas foi relan\u00e7ado pela CBS em 2024 sob nova dire\u00e7\u00e3o e sofreu reformas significativas com o objetivo de eliminar perce\u00e7\u00f5es de corrup\u00e7\u00e3o e racismo.<\/p>\n<p>A festa de domingo \u00e0 noite reuniu os melhores e mais brilhantes de Hollywood numa noite liderada pela comediante Nikki Glaser, cujo \u00e1cido mon\u00f3logo de abertura foi visto quase 14 milh\u00f5es de vezes nas redes sociais nas primeiras 36 horas, disseram os organizadores.<\/p>\n<p>Entre as suas piadas, estava uma alfinetada no Departamento de Justi\u00e7a dos EUA, que, segundo ela, deveria estar na corrida para o pr\u00e9mio de Melhor Montagem pela sua gest\u00e3o dos arquivos fortemente censurados sobre o ex-amigo do presidente Donald Trump, o criminoso sexual Jeffrey Epstein.<\/p>\n<p><strong>Veja o mon\u00f3logo.<\/strong><\/p>\n<p>Para al\u00e9m das importantes vit\u00f3rias de &#8220;Batalha Atr\u00e1s de Batalha&#8221;, os principais vencedores da noite inclu\u00edram a trag\u00e9dia familiar de William Shakespeare &#8220;Hamnet&#8221;, que ganhou o pr\u00e9mio de Melhor Filme em Drama e o de melhor atriz para Jessie Buckley como uma m\u00e3e desesperada.<\/p>\n<p>Timoth\u00e9e Chalamet e o brasileiro Wagner Moura ampliaram o seu \u00edmpeto na temporada de pr\u00e9mios com pr\u00e9mios por &#8220;Marty Supreme&#8221; e &#8220;O Agente Secreto&#8221;, respectivamente.<\/p>\n<p>Os Globos de Ouro s\u00e3o vistos como um importante indicador de sucesso nos \u00d3scares, que se realizam em Hollywood este ano no dia 15 de mar\u00e7o.<\/p>\n","protected":false},"excerpt":{"rendered":"O n\u00famero de pessoas que assistiram \u00e0 cerim\u00f3nia dos Globos de Ouro diminuiu este ano, anunciaram os organizadores&hellip;\n","protected":false},"author":2,"featured_media":231329,"comment_status":"","ping_status":"","sticky":false,"template":"","format":"standard","meta":{"footnotes":""},"categories":[85],"tags":[114,115,32,33],"class_list":{"0":"post-231328","1":"post","2":"type-post","3":"status-publish","4":"format-standard","5":"has-post-thumbnail","7":"category-entretenimento","8":"tag-entertainment","9":"tag-entretenimento","10":"tag-portugal","11":"tag-pt"},"share_on_mastodon":{"url":"https:\/\/pubeurope.com\/@pt\/115904623545473631","error":""},"_links":{"self":[{"href":"https:\/\/www.europesays.com\/pt\/wp-json\/wp\/v2\/posts\/231328","targetHints":{"allow":["GET"]}}],"collection":[{"href":"https:\/\/www.europesays.com\/pt\/wp-json\/wp\/v2\/posts"}],"about":[{"href":"https:\/\/www.europesays.com\/pt\/wp-json\/wp\/v2\/types\/post"}],"author":[{"embeddable":true,"href":"https:\/\/www.europesays.com\/pt\/wp-json\/wp\/v2\/users\/2"}],"replies":[{"embeddable":true,"href":"https:\/\/www.europesays.com\/pt\/wp-json\/wp\/v2\/comments?post=231328"}],"version-history":[{"count":0,"href":"https:\/\/www.europesays.com\/pt\/wp-json\/wp\/v2\/posts\/231328\/revisions"}],"wp:featuredmedia":[{"embeddable":true,"href":"https:\/\/www.europesays.com\/pt\/wp-json\/wp\/v2\/media\/231329"}],"wp:attachment":[{"href":"https:\/\/www.europesays.com\/pt\/wp-json\/wp\/v2\/media?parent=231328"}],"wp:term":[{"taxonomy":"category","embeddable":true,"href":"https:\/\/www.europesays.com\/pt\/wp-json\/wp\/v2\/categories?post=231328"},{"taxonomy":"post_tag","embeddable":true,"href":"https:\/\/www.europesays.com\/pt\/wp-json\/wp\/v2\/tags?post=231328"}],"curies":[{"name":"wp","href":"https:\/\/api.w.org\/{rel}","templated":true}]}}