{"id":231336,"date":"2026-01-16T11:57:08","date_gmt":"2026-01-16T11:57:08","guid":{"rendered":"https:\/\/www.europesays.com\/pt\/231336\/"},"modified":"2026-01-16T11:57:08","modified_gmt":"2026-01-16T11:57:08","slug":"resumo-vitoria-manuel-agride-tiago-e-faz-lhe-um-ultimato","status":"publish","type":"post","link":"https:\/\/www.europesays.com\/pt\/231336\/","title":{"rendered":"Resumo \u2018Vit\u00f3ria\u2019: Manuel agride Tiago e faz-lhe um ultimato"},"content":{"rendered":"<p>O vil\u00e3o decide fazer justi\u00e7a pelas pr\u00f3prias m\u00e3os.<\/p>\n<p><img decoding=\"async\" fetchpriority=\"high\" src=\"https:\/\/www.europesays.com\/pt\/wp-content\/uploads\/2026\/01\/1768564628_751_original.webp\" alt=\"Resumo \u2018Vit\u00f3ria\u2019: Manuel agride Tiago e faz-lhe um ultimato\"\/><\/p>\n<p style=\"text-align: center;\">16 de janeiro (sexta-feira)<\/p>\n<p><strong>No hall do pr\u00e9dio, Marina tenta defender Isabel, mas Vit\u00f3ria confronta-a com dureza sobre a falsa acusa\u00e7\u00e3o a Matilde.<\/strong><\/p>\n<p>Em casa dos Nobre, durante o pequeno-almo\u00e7o, Lia estranha o comportamento da m\u00e3e. Isabel, de ressaca e angustiada, evita falar de Jo\u00e3o. Lia sai, desconfiada.<\/p>\n<p><strong>Jo\u00e3o acaba de chegar a casa da irm\u00e3, que lhe apresenta Bruno. Quando ficam a s\u00f3s, o advogado confessa que pediu o div\u00f3rcio e desaba a pensar em Lia. Alice consola-o.<\/strong><\/p>\n<p>No hotel, Louren\u00e7o mostra a Ricky um v\u00eddeo viral de um fadista misterioso que quer contratar para atuar ali. Ele reconhece-se, reage com nervosismo e teme ser descoberto.<\/p>\n<p>Na escola, Matilde devolve a sweatshirt a Guilherme. Os dois trocam provoca\u00e7\u00f5es carinhosas e Afonso mete-se com eles por causa da cumplicidade que t\u00eam.<\/p>\n<p style=\"text-align: left;\">Na cozinha dos Mendon\u00e7a, Nanda agradece a Carolina por ter contratado um advogado para defender Tiago. A patroa n\u00e3o quer que se fale no assunto e diz \u00e0 mulher de Ant\u00f3nio para ir arrumar as malas de Margarida, que vai para Gaia.<\/p>\n<p style=\"text-align: left;\"><strong>Em casa, Tiago \u00e9 surpreendido pela chegada de dois enfermeiros, que lhe dizem que o v\u00e3o levar \u00e0 fisioterapia. O rapaz fica desconfiado, mas acaba por aceitar, sem imaginar o que o espera.<\/strong><\/p>\n<p style=\"text-align: left;\"><strong>J\u00e1 na ambul\u00e2ncia, Tiago percebe que seguem em alta velocidade e come\u00e7a a entrar em p\u00e2nico.<\/strong><\/p>\n<p><strong>Num penhasco isolado, Manuel revela-se o respons\u00e1vel pelo rapto e confronta Tiago com o que fez a Matilde. Tiago suplica por perd\u00e3o e Manuel empurra a cadeira de rodas para o abismo. Tiago est\u00e1 em absoluto desespero e a achar que Manuel o vai matar.<\/strong><\/p>\n<p style=\"text-align: left;\"><strong>Nanda chega a casa com comida para Tiago e estranha n\u00e3o o encontrar. Muito assustada, liga a Ant\u00f3nio a pedir ajuda para descobrir onde est\u00e1 o filho.<\/strong><\/p>\n<p style=\"text-align: left;\"><strong>Na f\u00e1brica, Ant\u00f3nio atende a chamada da mulher e, ao perceber que o filho n\u00e3o est\u00e1 em casa, fica preocupado e promete tentar descobrir onde ele se meteu.<\/strong><\/p>\n<p style=\"text-align: left;\"><strong>No penhasco, Manuel mant\u00e9m Tiago amarrado \u00e0 beira do abismo. O rapaz implora, chora e promete obedecer a tudo. O vil\u00e3o avisa-o que n\u00e3o o quer perto de Matilde e que vai servir-se dele, quando for necess\u00e1rio. O filho de Nanda \u00e9 deixado ali sozinho e fica aterrorizado.<\/strong><\/p>\n<p>Na mercearia ainda sem clientes, Nuno surpreende B\u00e1rbara com uma flor. O momento \u00e9 interrompido pela chegada de Vit\u00f3ria para come\u00e7ar a trabalhar, obrigando-os a mudar de postura.<\/p>\n<p><strong>Em casa dos Nobre, Isabel sai para correr e Jo\u00e3o aproveita para entrar em casa. Muito emocionado, o advogado escreve uma mensagem de amor para a filha no livro da escola.<\/strong><\/p>\n<p><strong>No quarto, Jo\u00e3o arruma algumas roupas para ficar mais dias no hotel e deixa os documentos do div\u00f3rcio na mesa de cabeceira de Isabel.<\/strong><\/p>\n<p><strong>Isabel corre para fugir aos problemas. Ao ler a mensagem de Jo\u00e3o, a pedir-lhe que assine o div\u00f3rcio, entra em p\u00e2nico e desaba a chorar, sentindo-se perdida e abandonada.<\/strong><\/p>\n<p>Na escola, Lia conversa com Afonso, que lhe conta que viu Isabel bastante alterada, na praceta.<\/p>\n<p>No escrit\u00f3rio da f\u00e1brica, Manuel conta \u00e0 mulher como amea\u00e7ou Tiago. Ambos concordam que ele ficar\u00e1 sob controlo e \u00fatil. Carolina diz que vai almo\u00e7ar com Margarida e que est\u00e1 confiante na aproxima\u00e7\u00e3o da filha aos sobrinhos.<\/p>\n<p><strong>Ant\u00f3nio traz o filho de t\u00e1xi para casa. Tiago agradece, mas o pai desconfia da vers\u00e3o que ele lhe conta e pede-lhe que tenha em aten\u00e7\u00e3o que a m\u00e3e est\u00e1 doente e que n\u00e3o deve dar-lhe mais preocupa\u00e7\u00f5es.<\/strong><\/p>\n<p style=\"text-align: left;\">Martins acaba de entrar em casa, muito irritado, por n\u00e3o estar a saber lidar com as tarefas do caf\u00e9. Edite, tamb\u00e9m irritada por causa do curso de cozinha, tenta acalm\u00e1-lo e promete que o vai ajudar com a torradeira e com a m\u00e1quina do caf\u00e9.<\/p>\n<p style=\"text-align: left;\"><strong>No restaurante, Margarida e Carolina almo\u00e7am e falam do anivers\u00e1rio de Francisco. Vit\u00f3ria apanha-as e confronta-as com ironia, dizendo que fica feliz por saber que j\u00e1 fizeram as pazes.<\/strong><\/p>\n<p>Em casa, Francisco pergunta \u00e0 irm\u00e3 se a fam\u00edlia algum dia far\u00e1 as pazes. Matilde tenta tranquiliz\u00e1-lo e promete que o seu dia de anos ser\u00e1 memor\u00e1vel, apesar de todos os conflitos.<\/p>\n<p><strong>Margarida disfar\u00e7a e diz que estava apenas a falar com a m\u00e3e sobre o anivers\u00e1rio de Francisco. Carolina gostava de fazer a festa de anos do neto, em Santa Rainha, mas Vit\u00f3ria recusa e avisa-a que a festa ser\u00e1 para amigos e fam\u00edlia.<\/strong><\/p>\n<p>No escrit\u00f3rio de advogados, Isabel procura Jo\u00e3o e ignora Mafalda. Determinada, segue para o gabinete do marido, com a rapariga atr\u00e1s dela.<\/p>\n<p><strong>Isabel interrompe uma reuni\u00e3o e diz a Jo\u00e3o que se recusa a assinar o div\u00f3rcio. Mafalda apressa-se a puxar o cliente para fora dali. A m\u00e3e de Lia acusa-o de ser um ego\u00edsta e de n\u00e3o se preocupar com a fam\u00edlia.<\/strong><\/p>\n<p>No sal\u00e3o, Dur\u00e3o corta o cabelo e fala do caso de Sara. Lena defende Afonso e fica chocada com a acusa\u00e7\u00e3o enquanto o pol\u00edcia promete descobrir a verdade.<\/p>\n<p style=\"text-align: left;\">*O resumo do epis\u00f3dio est\u00e1 sujeito a mudan\u00e7as em fun\u00e7\u00e3o da edi\u00e7\u00e3o da novela<\/p>\n","protected":false},"excerpt":{"rendered":"O vil\u00e3o decide fazer justi\u00e7a pelas pr\u00f3prias m\u00e3os. 16 de janeiro (sexta-feira) No hall do pr\u00e9dio, Marina tenta&hellip;\n","protected":false},"author":2,"featured_media":231337,"comment_status":"","ping_status":"","sticky":false,"template":"","format":"standard","meta":{"footnotes":""},"categories":[142],"tags":[114,115,32,33,151],"class_list":{"0":"post-231336","1":"post","2":"type-post","3":"status-publish","4":"format-standard","5":"has-post-thumbnail","7":"category-tv","8":"tag-entertainment","9":"tag-entretenimento","10":"tag-portugal","11":"tag-pt","12":"tag-tv"},"share_on_mastodon":{"url":"https:\/\/pubeurope.com\/@pt\/115904659001496796","error":""},"_links":{"self":[{"href":"https:\/\/www.europesays.com\/pt\/wp-json\/wp\/v2\/posts\/231336","targetHints":{"allow":["GET"]}}],"collection":[{"href":"https:\/\/www.europesays.com\/pt\/wp-json\/wp\/v2\/posts"}],"about":[{"href":"https:\/\/www.europesays.com\/pt\/wp-json\/wp\/v2\/types\/post"}],"author":[{"embeddable":true,"href":"https:\/\/www.europesays.com\/pt\/wp-json\/wp\/v2\/users\/2"}],"replies":[{"embeddable":true,"href":"https:\/\/www.europesays.com\/pt\/wp-json\/wp\/v2\/comments?post=231336"}],"version-history":[{"count":0,"href":"https:\/\/www.europesays.com\/pt\/wp-json\/wp\/v2\/posts\/231336\/revisions"}],"wp:featuredmedia":[{"embeddable":true,"href":"https:\/\/www.europesays.com\/pt\/wp-json\/wp\/v2\/media\/231337"}],"wp:attachment":[{"href":"https:\/\/www.europesays.com\/pt\/wp-json\/wp\/v2\/media?parent=231336"}],"wp:term":[{"taxonomy":"category","embeddable":true,"href":"https:\/\/www.europesays.com\/pt\/wp-json\/wp\/v2\/categories?post=231336"},{"taxonomy":"post_tag","embeddable":true,"href":"https:\/\/www.europesays.com\/pt\/wp-json\/wp\/v2\/tags?post=231336"}],"curies":[{"name":"wp","href":"https:\/\/api.w.org\/{rel}","templated":true}]}}