{"id":231338,"date":"2026-01-16T12:00:12","date_gmt":"2026-01-16T12:00:12","guid":{"rendered":"https:\/\/www.europesays.com\/pt\/231338\/"},"modified":"2026-01-16T12:00:12","modified_gmt":"2026-01-16T12:00:12","slug":"como-um-ex-benfica-pode-complicar-a-vida-ao-benfica-na-corrida-por-lucca","status":"publish","type":"post","link":"https:\/\/www.europesays.com\/pt\/231338\/","title":{"rendered":"Como um ex-Benfica pode complicar a vida\u2026 ao Benfica na corrida por Lucca"},"content":{"rendered":"<p>O Benfica est\u00e1 ativo no mercado de transfer\u00eancias de inverno em busca de uma nova solu\u00e7\u00e3o para a frente de ataque, que se mostre capaz de &#8216;fazer sombra&#8217; ao habitual titular, Vangelis Pavlidis, e Lorenzo Lucca \u00e9, ao que tudo indica, um dos nomes que mais agrada \u00e0 dire\u00e7\u00e3o liderada por Rui Costa.<\/p>\n<p>O internacional italiano re\u00fane as carater\u00edsticas consideradas essenciais pelo treinador dos encarnados, Jos\u00e9 Mourinho, enquanto alternativa para o setor mais adiantado do terreno, mas esta \u00e9 uma opera\u00e7\u00e3o que n\u00e3o se afigura de simples concretiza\u00e7\u00e3o, desde logo devido \u00e0 cerrada concorr\u00eancia com a qual os encarnados contam.<\/p>\n<p>De acordo com informa\u00e7\u00f5es adiantadas, esta quinta-feira, por <a href=\"https:\/\/gianlucadimarzio.com\/calciomercato-napoli-lucca-al-hilal-marcos-leonardo-scambio-news\/\" target=\"_blank\" rel=\"noopener nofollow\">Gianluca di Marzio<\/a>, jornalista italiano especializado em quest\u00f5es relacionadas com o defeso, o jogador de 25 anos de idade (que se encontra emprestado pela Udinese ao Napoli) estar\u00e1 referenciado por uma s\u00e9rie de clubes, come\u00e7ando, desde logo, pelo Al Hilal.<\/p>\n<p>Neste momento, em cima da mesa, estar\u00e1 mesmo a hip\u00f3tese de vir a partir rumo \u00e0 Ar\u00e1bia Saudita, por troca direta com&#8230; Marcos Leonardo, brasileiro que o clube da Luz vendeu, precisamente, para a forma\u00e7\u00e3o sediada em Riade, em setembro de 2024, a troco de uma verba na ordem dos 40 milh\u00f5es de euros.<\/p>\n<p>O futebolista natural de Moncalieri tamb\u00e9m ter\u00e1 chamado a aten\u00e7\u00e3o do Besiktas, que, no entanto, s\u00f3 ter\u00e1 condi\u00e7\u00f5es financeiras para fazer face a uma transa\u00e7\u00e3o desta dimens\u00e3o caso consiga completar, nos pr\u00f3ximos dias, a venda de Tammy Abraham ao Aston Villa, que ainda estar\u00e1 numa fase embrion\u00e1ria.<\/p>\n<p>O Napoli, por seu lado, n\u00e3o pretende colocar grandes entraves \u00e0 sa\u00edda de Lorenzo Lucca, visto que este trata a &#8216;pegar de estaca&#8217;, somando apenas dois golos ao cabo de 22 jogos oficiais. Para tal, ter\u00e1, no entanto, primeiro, de ativar a cl\u00e1usula de compra obrigat\u00f3ria, de 26 milh\u00f5es de euros, depois de ter desembolsado nove milh\u00f5es de euros pela sua ced\u00eancia.<\/p>\n<p>                                                    O percurso de Lorenzo Lucca<\/p>\n<p>Lorenzo Lucca deu os primeiros passos no mundo do futebol ao servi\u00e7o do Torino, tendo-se mudado para os escal\u00f5es de forma\u00e7\u00e3o do Palermo, em 2019, acabando por estrear-se pela equipa principal, na temporada seguinte&#8230; com impacto imediato, uma vez que fez o gosto ao p\u00e9 por 14 vezes, ao cabo de 27 jogos.<\/p>\n<p>Seguiram-se passagens por Pisa, Ajax e, finalmente, Udinese, onde se mostrou capaz de colocar, uma vez mais, em pr\u00e1tica os dotes goleadores, com 14 golos (e uma assist\u00eancia) em 36 partidas oficiais. Um registo que chamou a aten\u00e7\u00e3o do Napoli, que pode mesmo a investir at\u00e9 35 milh\u00f5es de euros no seu passe.<\/p>\n<p>Lorenzo Lucca destaca-se, sobretudo, pela envergadura que oferece ao ataque, gra\u00e7as aos seus 2,01 m de altura e 96 kg de peso. No curr\u00edculo, conta, ainda, com cinco internacionaliza\u00e7\u00f5es ao servi\u00e7o da principal sele\u00e7\u00e3o de It\u00e1lia, sem que tenha, at\u00e9 ao momento, conseguido estrear-se a marcar.<\/p>\n<p>A \u00faltima oportunidade teve lugar a 9 de junho de 2025, quando foi suplente utilizado no triunfo &#8216;caseiro&#8217; sobre a Mold\u00e1via, por 2-0, a contar para a fase de apuramento para o Campeonato do Mundo de 2026.<\/p>\n<p>Leia Tamb\u00e9m: <a href=\"https:\/\/www.noticiasaominuto.com\/desporto\/2913807\/mourinho-chama-forca-aerea-o-plano-para-revolucionar-ataque-do-benfica\" target=\"_blank\" rel=\"noopener noreferrer nofollow\">Mourinho chama &#8216;For\u00e7a A\u00e9rea&#8217;. O plano para revolucionar ataque do Benfica<\/a><\/p>\n","protected":false},"excerpt":{"rendered":"O Benfica est\u00e1 ativo no mercado de transfer\u00eancias de inverno em busca de uma nova solu\u00e7\u00e3o para a&hellip;\n","protected":false},"author":2,"featured_media":231339,"comment_status":"","ping_status":"","sticky":false,"template":"","format":"standard","meta":{"footnotes":""},"categories":[87],"tags":[135,32,33,134],"class_list":{"0":"post-231338","1":"post","2":"type-post","3":"status-publish","4":"format-standard","5":"has-post-thumbnail","7":"category-desporto","8":"tag-desporto","9":"tag-portugal","10":"tag-pt","11":"tag-sports"},"share_on_mastodon":{"url":"https:\/\/pubeurope.com\/@pt\/115904670807046083","error":""},"_links":{"self":[{"href":"https:\/\/www.europesays.com\/pt\/wp-json\/wp\/v2\/posts\/231338","targetHints":{"allow":["GET"]}}],"collection":[{"href":"https:\/\/www.europesays.com\/pt\/wp-json\/wp\/v2\/posts"}],"about":[{"href":"https:\/\/www.europesays.com\/pt\/wp-json\/wp\/v2\/types\/post"}],"author":[{"embeddable":true,"href":"https:\/\/www.europesays.com\/pt\/wp-json\/wp\/v2\/users\/2"}],"replies":[{"embeddable":true,"href":"https:\/\/www.europesays.com\/pt\/wp-json\/wp\/v2\/comments?post=231338"}],"version-history":[{"count":0,"href":"https:\/\/www.europesays.com\/pt\/wp-json\/wp\/v2\/posts\/231338\/revisions"}],"wp:featuredmedia":[{"embeddable":true,"href":"https:\/\/www.europesays.com\/pt\/wp-json\/wp\/v2\/media\/231339"}],"wp:attachment":[{"href":"https:\/\/www.europesays.com\/pt\/wp-json\/wp\/v2\/media?parent=231338"}],"wp:term":[{"taxonomy":"category","embeddable":true,"href":"https:\/\/www.europesays.com\/pt\/wp-json\/wp\/v2\/categories?post=231338"},{"taxonomy":"post_tag","embeddable":true,"href":"https:\/\/www.europesays.com\/pt\/wp-json\/wp\/v2\/tags?post=231338"}],"curies":[{"name":"wp","href":"https:\/\/api.w.org\/{rel}","templated":true}]}}