{"id":231342,"date":"2026-01-16T12:02:10","date_gmt":"2026-01-16T12:02:10","guid":{"rendered":"https:\/\/www.europesays.com\/pt\/231342\/"},"modified":"2026-01-16T12:02:10","modified_gmt":"2026-01-16T12:02:10","slug":"fantasporto-destaca-cinema-de-espanha-noruega-e-asia-no-regresso-ao-cinema-batalha","status":"publish","type":"post","link":"https:\/\/www.europesays.com\/pt\/231342\/","title":{"rendered":"Fantasporto destaca cinema de Espanha, Noruega e \u00c1sia no regresso ao Cinema Batalha"},"content":{"rendered":"<p>O regresso em for\u00e7a de Espanha, da Am\u00e9rica Latina e do cinema asi\u00e1tico e uma retrospetiva de cinema noruegu\u00eas marcam a 46.\u00aa edi\u00e7\u00e3o do Fantasporto, que decorre de 27 de fevereiro a 8 de mar\u00e7o, anunciou a organiza\u00e7\u00e3o.<\/p>\n<p class=\"text-paragraph\">Entre as novidades est\u00e1 uma retrospetiva dedicada ao cinema noruegu\u00eas, em colabora\u00e7\u00e3o com o Norwegian Film Institute e Film Forbundet, numa iniciativa enquadrada no Belt and Road Alliance, projeto do Festival de Xangai do qual o Fantasporto &#8211; Festival Internacional de Cinema do Porto \u00e9 membro fundador.<\/p>\n<p class=\"text-paragraph\">O certame &#8211; que arranca a 27 de fevereiro no Cinema Batalha &#8211; re\u00fane t\u00edtulos produzidos entre 2002 e 2025, oferecendo uma vis\u00e3o ampla da cinematografia contempor\u00e2nea da Noruega, como \u201cDon\u2019t Call Me Mama\u201d, de Nina Knag, \u201cMy Uncle Jens\u201d, de Brwa Vahabpour, \u201cArmand\u201d, de Halfdan Ullmann Tondel, \u201cLoveable (Ekskling)\u201d, de Lilja Ingolfsdottir, \u201cThelma\u201d, de Joachim Trier, \u201cKitchen Stories\u201d, de Bent Hamer, e \u201cWhat Will People Say\u201d, de Iram Haq.<\/p>\n<p class=\"text-paragraph\">Segundo a organiza\u00e7\u00e3o, a edi\u00e7\u00e3o de 2026 sublinha ainda o \u201cbrilhantismo dos cineastas espanh\u00f3is\u201d, muitos deles &#8220;multipremiados&#8221;.<\/p>\n<p class=\"text-paragraph\">Entre as longas espanholas destacam-se \u201cLuger\u201d, de Bruno Mart\u00edn, \u201cBajo Tus Pies\u201d, de Cristian Bernard, \u201cGaua\u201d, de Paul Urkijo Alijo, \u201cEl Susurro\u201d, coprodu\u00e7\u00e3o com o Uruguai e Argentina realizada por Gustavo Hern\u00e1ndez Ib\u00e1\u00f1ez, \u201cNo Dejes los Ni\u00f1os Solos\u201d, de Emilio Portes, e \u201cVac\u00edo\u201d, de Javier Cano Larumbe.<\/p>\n<p class=\"text-paragraph\">Nas \u2018curtas\u2019, o pa\u00eds vizinho tamb\u00e9m marca presen\u00e7a, com t\u00edtulos como \u201cNecrosectos\u201d, de Javier Lozano, \u201cPoor Marciano\u201d, de Alex Roy, e um conjunto de curtas de horror galegas, com \u201cXogo de Nenos\u201d, de Miguel R. Berride, \u201cMare\u201d, de Guille V\u00e1zquez, \u201cTeratoma\u201d, de Jano Pitta, \u201cSombra do Mar\u201d, de Sergio Pereda, e \u201cIn Half\u201d, de Jorge Morais.<\/p>\n<p class=\"text-paragraph\">Do Oriente chegam obras com particular incid\u00eancia na Rep\u00fablica Popular da China e no Jap\u00e3o, onde se destaca o realizador Eiji Uchida, que apresentar\u00e1 no Porto o seu mais recente filme, \u201cEternals\u201d.<\/p>\n<p class=\"text-paragraph\">O festival contar\u00e1 com a presen\u00e7a confirmada de realizadores dos Estados Unidos, Austr\u00e1lia, Rep\u00fablica Popular da China, entre outros.<\/p>\n<p class=\"text-paragraph\">O cinema portugu\u00eas volta tamb\u00e9m a marcar presen\u00e7a na competi\u00e7\u00e3o oficial para Pr\u00e9mio de Cinema Portugu\u00eas \u2013 Melhor Filme 2026 com a longa-metragem \u201cParamn\u00e9sia\u201d, de Tiago \u201cRamon\u201d Santas, e \u201cCativos\u201d, de Lu\u00eds Alves, esta \u00faltima tamb\u00e9m inclu\u00edda na Semana dos Realizadores.<\/p>\n<p class=\"text-paragraph\">A sec\u00e7\u00e3o portuguesa integra ainda v\u00e1rias curtas-metragens como \u201cEstou Aqui\u201d, de Ana Rita Martins, \u201cManh\u00e3, na Montanha\u201d, de Lu\u00eds Miranda, \u201cFalling Forward, Slightly\u201d, de Vasco Viana, \u201cDentro de Mim\u201d, de Daniela Pereira Marques, \u201cCor\u00e7a\u201d, de Maria Lima, entre outros.<\/p>\n<p class=\"text-paragraph\">Fora de competi\u00e7\u00e3o ser\u00e1 ainda exibida \u201cSom da Alma\u201d, do realizador Lu\u00eds Moya.<\/p>\n<p class=\"text-paragraph\">A abrir o certame estar\u00e1 \u201cBakudan\u201d, do japon\u00eas Akira Naguai, e o encerramento caber\u00e1 ao finland\u00eas Arto Halonen com \u201cAfter Us, The Flood\u201d.<\/p>\n<p class=\"text-paragraph\">Na Semana dos Realizadores, a programa\u00e7\u00e3o inclui \u201cWild Nights, Tamed Beasts\u201d, de Wang Tong, \u201cLopsided\u201d de Tara IIllenberger, \u201cPapa Buka\u201d de Biju Damodaran, e \u201cDon\u2019t Call me Mama\u201d, de Nina Knag, entre outros t\u00edtulos oriundos da \u00c1sia, \u00c1frica e Europa.<\/p>\n<p class=\"text-paragraph\">As escolas de cinema portuguesas participam com produ\u00e7\u00f5es de estudantes de v\u00e1rias institui\u00e7\u00f5es, incluindo \u201cCa\u00e7a\u2019Dor\u201d (ESAP), \u201cRestart\u201d (Soares dos Reis), \u201cCama de Lavado\u201d (Universidade Cat\u00f3lica do Porto), \u201cLimiar\u201d (UBI), \u201c\u00c0 Venda\u201d (ESMAD), \u201cImagem Filtrada\u201d (Universidade do Minho) e \u201cOs Terr\u00edveis\u201d (Universidade Lus\u00f3fona de Lisboa).<\/p>\n","protected":false},"excerpt":{"rendered":"O regresso em for\u00e7a de Espanha, da Am\u00e9rica Latina e do cinema asi\u00e1tico e uma retrospetiva de cinema&hellip;\n","protected":false},"author":2,"featured_media":231343,"comment_status":"","ping_status":"","sticky":false,"template":"","format":"standard","meta":{"footnotes":""},"categories":[85],"tags":[114,115,32,33],"class_list":{"0":"post-231342","1":"post","2":"type-post","3":"status-publish","4":"format-standard","5":"has-post-thumbnail","7":"category-entretenimento","8":"tag-entertainment","9":"tag-entretenimento","10":"tag-portugal","11":"tag-pt"},"share_on_mastodon":{"url":"https:\/\/pubeurope.com\/@pt\/115904678618653993","error":""},"_links":{"self":[{"href":"https:\/\/www.europesays.com\/pt\/wp-json\/wp\/v2\/posts\/231342","targetHints":{"allow":["GET"]}}],"collection":[{"href":"https:\/\/www.europesays.com\/pt\/wp-json\/wp\/v2\/posts"}],"about":[{"href":"https:\/\/www.europesays.com\/pt\/wp-json\/wp\/v2\/types\/post"}],"author":[{"embeddable":true,"href":"https:\/\/www.europesays.com\/pt\/wp-json\/wp\/v2\/users\/2"}],"replies":[{"embeddable":true,"href":"https:\/\/www.europesays.com\/pt\/wp-json\/wp\/v2\/comments?post=231342"}],"version-history":[{"count":0,"href":"https:\/\/www.europesays.com\/pt\/wp-json\/wp\/v2\/posts\/231342\/revisions"}],"wp:featuredmedia":[{"embeddable":true,"href":"https:\/\/www.europesays.com\/pt\/wp-json\/wp\/v2\/media\/231343"}],"wp:attachment":[{"href":"https:\/\/www.europesays.com\/pt\/wp-json\/wp\/v2\/media?parent=231342"}],"wp:term":[{"taxonomy":"category","embeddable":true,"href":"https:\/\/www.europesays.com\/pt\/wp-json\/wp\/v2\/categories?post=231342"},{"taxonomy":"post_tag","embeddable":true,"href":"https:\/\/www.europesays.com\/pt\/wp-json\/wp\/v2\/tags?post=231342"}],"curies":[{"name":"wp","href":"https:\/\/api.w.org\/{rel}","templated":true}]}}