{"id":231358,"date":"2026-01-16T12:16:06","date_gmt":"2026-01-16T12:16:06","guid":{"rendered":"https:\/\/www.europesays.com\/pt\/231358\/"},"modified":"2026-01-16T12:16:06","modified_gmt":"2026-01-16T12:16:06","slug":"barbara-parada-fala-sobre-fim-do-namoro-com-francisco-monteiro-fui-eu-que-terminei-selfie","status":"publish","type":"post","link":"https:\/\/www.europesays.com\/pt\/231358\/","title":{"rendered":"B\u00e1rbara Parada fala sobre fim do namoro com Francisco Monteiro: &quot;Fui eu que terminei&quot; &#8211; SELFIE"},"content":{"rendered":"<ol>\n<li><a href=\"https:\/\/news.google.com\/rss\/articles\/CBMi-AFBVV95cUxOUDJsMTY1YktjRG44NjhFUWN6SUIzMVctdEZiUnoybWYxY28tU1BwSmJmWFQyRW9ndy1qSllWLWppMmZ3VTBSZFQ0WVJmd2NmNDFleUlVNG9vNF9GWlBxNmFxcWFuVmxTdXN2YmsyWC1GREtBUjRaU0ZvS0Q1RjZTMmtvcEN6YjR6WU8tY0sxdlJIU1JlbVJRWUNuVmdaQUtRYVNzdWdOUTdXZy13QlVXb1NieWVvMVdlTnRXVUpQbGRDSy1qVzVhSWVXN0xIcFMtLVF4QXNJRGlNVFd0b1p1OGRUUVlTZjRoOExjU053dnFYTEZyZzFvWA?oc=5\" target=\"_blank\" rel=\"nofollow noopener\">B\u00e1rbara Parada fala sobre fim do namoro com Francisco Monteiro: &#8220;Fui eu que terminei&#8221;<\/a>&nbsp;&nbsp;SELFIE<\/li>\n<li><a href=\"https:\/\/news.google.com\/rss\/articles\/CBMiqAFBVV95cUxQQjNINGJLS3J5OTRKSS1ISHdPYy10OHkyd0JETFJSWTNoaDFmeWtoVzg0dWRjd2c3ZFhpS2pyQ3JJNmNuT2tWNXA1b2lLWFlmQmlOaDEwdFdydmpXT1AzamEzcVE3cUtUalZhT3REbHJKWFd6Yk51NzlOc0RqaWNnQlRJd0VvMkZFeExsYlVnTEJyNXgyU0pyM2V1Umh5eUxwVUt2YTI0a0M?oc=5\" target=\"_blank\" rel=\"nofollow noopener\">Ap\u00f3s conversa com B\u00e1rbara Parada, Adriano Silva Martins faz revela\u00e7\u00e3o: &#8220;Ela assumiu-me&#8230;&#8221;<\/a>&nbsp;&nbsp;Hiper Fm<\/li>\n<li><a href=\"https:\/\/news.google.com\/rss\/articles\/CBMi8AFBVV95cUxQUF9jLU0wY1piV0l1a0pvNXhuc29Wa2ktM3U0eTJIUEZrUFktT1VVVFk1dWgtOW1zTzNzRDZRaGx2ZmtjTnJTU1l0dHpJS28ta1dUcV82aktoQzVRLTZRVHZaVW9yRlBEZk11a1NCYXFVQXBWUlFqZUsxaVEwNFZ4UmR3dGFXSHUtR2tfOUVZZkdqZWQ5em1ueVFTbW5DUEVRd2xyRlB4eW5kR0FOdjNqOVhXWEVHRlhWT0lDYXJBel9CS1BBc25QMFZqUERoOU5CZ0xjWVdSVHNrdkZkVTQ0NTVxRkdDbTNFY2NBQzNVbEQ?oc=5\" target=\"_blank\" rel=\"nofollow noopener\">Z\u00e9 Lopes confronta Catarina Miranda: \u00abAcusaste muita gente de estar em televis\u00e3o por cunhas, incluindo eu<\/a>&nbsp;&nbsp;TVI<\/li>\n<li><a href=\"https:\/\/news.google.com\/rss\/articles\/CBMioAFBVV95cUxOWnoyeUpGR3lKVHlzeGJiNWpyMExDLTdvLXRyX25BLXE1ZlBMcjFGQjR2R1RxaUw1aS1CUGlEc01TbFJvd0EyMmFTeC15Mk8tZ2xpazRWMFU2ZXBOZXI5U05nQ192eHhwM3pTZThkVHZVdTR1ejZLZ29oYzdJdjdUU1lUcm5BNEFuNE1xQXlfa2hvaVBsZTFHV01ncXVXYmhO0gGgAUFVX3lxTE5aejJ5SkZHeUpUeXN4YmI1anIwTEMtN28tdHJfbkEtcTVmUExyMUZCNHZHVHFpTDVpLUJQaURzTVNsUm93QTIyYVN4LXkyTy1nbGlrNFYwVTZlcE5lcjlTTmdDX3Z4eHAzelNlOGRUdlV1NHV6Nktnb2hjN0l2N1RTWVRybkE0QW40TXFBeV9raG9pUGxlMUdXTWdxdVdiaE4?oc=5\" target=\"_blank\" rel=\"nofollow noopener\">B\u00e1rbara Parada com novo professor de padel, ap\u00f3s separa\u00e7\u00e3o de Francisco Monteiro<\/a>&nbsp;&nbsp;infocul.pt<\/li>\n<li><a href=\"https:\/\/news.google.com\/rss\/articles\/CBMiuAFBVV95cUxNNV81dk1VS0djVVZSaXVOVjFFRWZOb1hnRlFIUXpad01HVWJXVHg5UnhEanJiNWY2ZFAxN0htdU13RnE0ZXRocmc1VVZoSHhENVpxTXVCNTFnVWNWU2RPTWpkYlRPVWZBRkM3eFd6S01WMjZ3U3E5akc1bUlBcUpKNk5fQjRuRDEyci1OMFNGTmtSOTVPcTNubk1rV3cyUnRuMXZ0VEk4YS1senhVLV9SSkdOQWNnZGNv?oc=5\" target=\"_blank\" rel=\"nofollow noopener\">B\u00e1rbara Parada &#8211; J\u00e1 tem novo namorado! Chama-se Guilherme e \u00e9 colega de&#8230; Francisco Monteiro no padel<\/a>&nbsp;&nbsp;Nova Gente<\/li>\n<\/ol>\n","protected":false},"excerpt":{"rendered":"B\u00e1rbara Parada fala sobre fim do namoro com Francisco Monteiro: &#8220;Fui eu que terminei&#8221;&nbsp;&nbsp;SELFIE Ap\u00f3s conversa com B\u00e1rbara&hellip;\n","protected":false},"author":2,"featured_media":225042,"comment_status":"","ping_status":"","sticky":false,"template":"","format":"standard","meta":{"footnotes":""},"categories":[85],"tags":[114,115,32,33],"class_list":{"0":"post-231358","1":"post","2":"type-post","3":"status-publish","4":"format-standard","5":"has-post-thumbnail","7":"category-entretenimento","8":"tag-entertainment","9":"tag-entretenimento","10":"tag-portugal","11":"tag-pt"},"share_on_mastodon":{"url":"https:\/\/pubeurope.com\/@pt\/115904733664474000","error":""},"_links":{"self":[{"href":"https:\/\/www.europesays.com\/pt\/wp-json\/wp\/v2\/posts\/231358","targetHints":{"allow":["GET"]}}],"collection":[{"href":"https:\/\/www.europesays.com\/pt\/wp-json\/wp\/v2\/posts"}],"about":[{"href":"https:\/\/www.europesays.com\/pt\/wp-json\/wp\/v2\/types\/post"}],"author":[{"embeddable":true,"href":"https:\/\/www.europesays.com\/pt\/wp-json\/wp\/v2\/users\/2"}],"replies":[{"embeddable":true,"href":"https:\/\/www.europesays.com\/pt\/wp-json\/wp\/v2\/comments?post=231358"}],"version-history":[{"count":0,"href":"https:\/\/www.europesays.com\/pt\/wp-json\/wp\/v2\/posts\/231358\/revisions"}],"wp:featuredmedia":[{"embeddable":true,"href":"https:\/\/www.europesays.com\/pt\/wp-json\/wp\/v2\/media\/225042"}],"wp:attachment":[{"href":"https:\/\/www.europesays.com\/pt\/wp-json\/wp\/v2\/media?parent=231358"}],"wp:term":[{"taxonomy":"category","embeddable":true,"href":"https:\/\/www.europesays.com\/pt\/wp-json\/wp\/v2\/categories?post=231358"},{"taxonomy":"post_tag","embeddable":true,"href":"https:\/\/www.europesays.com\/pt\/wp-json\/wp\/v2\/tags?post=231358"}],"curies":[{"name":"wp","href":"https:\/\/api.w.org\/{rel}","templated":true}]}}