{"id":231363,"date":"2026-01-16T12:21:13","date_gmt":"2026-01-16T12:21:13","guid":{"rendered":"https:\/\/www.europesays.com\/pt\/231363\/"},"modified":"2026-01-16T12:21:13","modified_gmt":"2026-01-16T12:21:13","slug":"jogador-do-fc-porto-esta-a-assistir-ao-vizela-x-pacos-de-ferreira","status":"publish","type":"post","link":"https:\/\/www.europesays.com\/pt\/231363\/","title":{"rendered":"Jogador do FC Porto est\u00e1 a assistir ao Vizela x Pa\u00e7os de Ferreira"},"content":{"rendered":"<p>&#8211; Advertisement &#8211;<\/p>\n<p><strong>Pablo Rosario encontra-se no Minho, de maneira a assistir ao encontro entre o Vizela e o Pa\u00e7os de Ferreira, para a Segunda Liga.<\/strong><\/p>\n<p>O encontro entre o Vizela e o Pa\u00e7os de Ferreira, v\u00e1lido pela 18.\u00aa jornada da Segunda Liga, conta com um espectador de luxo. Pablo Rosario encontra-se no Minho a acompanhar a partida, depois de ter estado na quarta-feira<a href=\"https:\/\/bolanarede.pt\/nacional\/porto\/a-estrelinha-de-farioli-continua-a-brilhar-fc-porto-1-0-benfica\/\" target=\"_blank\" rel=\"noreferrer noopener nofollow\"> no desafio frente ao Benfica<\/a>, para a Ta\u00e7a de Portugal. <\/p>\n<p>O m\u00e9dio \u00e9 colega de sele\u00e7\u00e3o de Heinz Morschel na sele\u00e7\u00e3o da Rep\u00fablica Dominicana e deve estar a acompanhar o atleta do Vizela. Pablo Rosario chegou ao Drag\u00e3o no \u00faltimo mercado de transfer\u00eancias de ver\u00e3o, proveniente do Nice.<\/p>\n<p>O jogador leva em 2025\/26 um total de 23 partidas, com um golo marcado e uma assist\u00eancia.<\/p>\n","protected":false},"excerpt":{"rendered":"&#8211; Advertisement &#8211; Pablo Rosario encontra-se no Minho, de maneira a assistir ao encontro entre o Vizela e&hellip;\n","protected":false},"author":2,"featured_media":223443,"comment_status":"","ping_status":"","sticky":false,"template":"","format":"standard","meta":{"footnotes":""},"categories":[8],"tags":[260,27,28,282,15,16,14,44264,25,26,21,22,12,13,19,20,8667,26633,32,23,24,33,13574,17,18,29,30,31,27139],"class_list":{"0":"post-231363","1":"post","2":"type-post","3":"status-publish","4":"format-standard","5":"has-post-thumbnail","7":"category-principais-noticias","8":"tag-atualidade","9":"tag-breaking-news","10":"tag-breakingnews","11":"tag-fc-porto","12":"tag-featured-news","13":"tag-featurednews","14":"tag-headlines","15":"tag-heinz-morschel","16":"tag-latest-news","17":"tag-latestnews","18":"tag-main-news","19":"tag-mainnews","20":"tag-news","21":"tag-noticias","22":"tag-noticias-principais","23":"tag-noticiasprincipais","24":"tag-pablo-rosario","25":"tag-pacos-de-ferreira","26":"tag-portugal","27":"tag-principais-noticias","28":"tag-principaisnoticias","29":"tag-pt","30":"tag-segunda-liga","31":"tag-top-stories","32":"tag-topstories","33":"tag-ultimas","34":"tag-ultimas-noticias","35":"tag-ultimasnoticias","36":"tag-vizela"},"share_on_mastodon":{"url":"https:\/\/pubeurope.com\/@pt\/115904753497979381","error":""},"_links":{"self":[{"href":"https:\/\/www.europesays.com\/pt\/wp-json\/wp\/v2\/posts\/231363","targetHints":{"allow":["GET"]}}],"collection":[{"href":"https:\/\/www.europesays.com\/pt\/wp-json\/wp\/v2\/posts"}],"about":[{"href":"https:\/\/www.europesays.com\/pt\/wp-json\/wp\/v2\/types\/post"}],"author":[{"embeddable":true,"href":"https:\/\/www.europesays.com\/pt\/wp-json\/wp\/v2\/users\/2"}],"replies":[{"embeddable":true,"href":"https:\/\/www.europesays.com\/pt\/wp-json\/wp\/v2\/comments?post=231363"}],"version-history":[{"count":0,"href":"https:\/\/www.europesays.com\/pt\/wp-json\/wp\/v2\/posts\/231363\/revisions"}],"wp:featuredmedia":[{"embeddable":true,"href":"https:\/\/www.europesays.com\/pt\/wp-json\/wp\/v2\/media\/223443"}],"wp:attachment":[{"href":"https:\/\/www.europesays.com\/pt\/wp-json\/wp\/v2\/media?parent=231363"}],"wp:term":[{"taxonomy":"category","embeddable":true,"href":"https:\/\/www.europesays.com\/pt\/wp-json\/wp\/v2\/categories?post=231363"},{"taxonomy":"post_tag","embeddable":true,"href":"https:\/\/www.europesays.com\/pt\/wp-json\/wp\/v2\/tags?post=231363"}],"curies":[{"name":"wp","href":"https:\/\/api.w.org\/{rel}","templated":true}]}}