{"id":231376,"date":"2026-01-16T12:33:14","date_gmt":"2026-01-16T12:33:14","guid":{"rendered":"https:\/\/www.europesays.com\/pt\/231376\/"},"modified":"2026-01-16T12:33:14","modified_gmt":"2026-01-16T12:33:14","slug":"pacos-de-ferreira-vai-acolher-programa-erasmus-focado-nas-artes-e-juventude-em-2026","status":"publish","type":"post","link":"https:\/\/www.europesays.com\/pt\/231376\/","title":{"rendered":"Pa\u00e7os de Ferreira vai acolher programa Erasmus+ focado nas artes e juventude em 2026"},"content":{"rendered":"<p>O <strong>Munic\u00edpio de Pa\u00e7os de Ferreira<\/strong>, em parceria com a <strong>Associa\u00e7\u00e3o N\u00f3 G\u00f3rdio<\/strong>, vai receber um novo programa <strong>Erasmus+<\/strong> em 2026. Uma <strong>visita preparat\u00f3ria<\/strong> para planificar o evento decorreu no passada <strong>sesta-feira, 9 de janeiro<\/strong>, no edif\u00edcio dos Pa\u00e7os do Concelho.<\/p>\n<p>O programa, intitulado <strong>\u201cACT+: Building Bridges Through Art\u201d<\/strong>, ter\u00e1 lugar entre <strong>27 de mar\u00e7o e 2 de abril de 2026<\/strong> e trar\u00e1 ao concelho <strong>18 participantes<\/strong> de pa\u00edses como a <strong>Alb\u00e2nia, Chipre, Cro\u00e1cia, Eslov\u00e9nia e Rom\u00e9nia<\/strong>. O objetivo central \u00e9 refor\u00e7ar o <strong>papel das artes no trabalho com jovens<\/strong>, capacitando t\u00e9cnicos da \u00e1rea da juventude com <strong>m\u00e9todos criativos e inovadores<\/strong> que promovam a participa\u00e7\u00e3o ativa, o pensamento cr\u00edtico e a colabora\u00e7\u00e3o internacional.<\/p>\n<p>\t\t<img decoding=\"async\" src=\"https:\/\/www.europesays.com\/pt\/wp-content\/uploads\/2026\/01\/1768566794_909_thumbs.web.sapo.io.webp\"  loading=\"true\"\/><\/p>\n<p>A reuni\u00e3o de trabalho serviu para alinhar os objetivos, responsabilidades e log\u00edstica entre os parceiros, incluindo uma visita ao espa\u00e7o que ir\u00e1 acolher as atividades. O programa resulta de um <strong>protocolo assinado entre a autarquia e a Associa\u00e7\u00e3o N\u00f3 G\u00f3rdio<\/strong>, uma entidade com uma d\u00e9cada de experi\u00eancia na promo\u00e7\u00e3o de projetos internacionais deste car\u00e1cter.<\/p>\n<p>Fotografias: CM de Pa\u00e7os de Ferreira<\/p>\n","protected":false},"excerpt":{"rendered":"O Munic\u00edpio de Pa\u00e7os de Ferreira, em parceria com a Associa\u00e7\u00e3o N\u00f3 G\u00f3rdio, vai receber um novo programa&hellip;\n","protected":false},"author":2,"featured_media":231377,"comment_status":"","ping_status":"","sticky":false,"template":"","format":"standard","meta":{"footnotes":""},"categories":[50],"tags":[27,28,15,16,14,25,26,21,22,62,12,13,19,20,23,24,17,18,29,30,31,63,64,65],"class_list":{"0":"post-231376","1":"post","2":"type-post","3":"status-publish","4":"format-standard","5":"has-post-thumbnail","7":"category-mundo","8":"tag-breaking-news","9":"tag-breakingnews","10":"tag-featured-news","11":"tag-featurednews","12":"tag-headlines","13":"tag-latest-news","14":"tag-latestnews","15":"tag-main-news","16":"tag-mainnews","17":"tag-mundo","18":"tag-news","19":"tag-noticias","20":"tag-noticias-principais","21":"tag-noticiasprincipais","22":"tag-principais-noticias","23":"tag-principaisnoticias","24":"tag-top-stories","25":"tag-topstories","26":"tag-ultimas","27":"tag-ultimas-noticias","28":"tag-ultimasnoticias","29":"tag-world","30":"tag-world-news","31":"tag-worldnews"},"share_on_mastodon":{"url":"https:\/\/pubeurope.com\/@pt\/115904800605581730","error":""},"_links":{"self":[{"href":"https:\/\/www.europesays.com\/pt\/wp-json\/wp\/v2\/posts\/231376","targetHints":{"allow":["GET"]}}],"collection":[{"href":"https:\/\/www.europesays.com\/pt\/wp-json\/wp\/v2\/posts"}],"about":[{"href":"https:\/\/www.europesays.com\/pt\/wp-json\/wp\/v2\/types\/post"}],"author":[{"embeddable":true,"href":"https:\/\/www.europesays.com\/pt\/wp-json\/wp\/v2\/users\/2"}],"replies":[{"embeddable":true,"href":"https:\/\/www.europesays.com\/pt\/wp-json\/wp\/v2\/comments?post=231376"}],"version-history":[{"count":0,"href":"https:\/\/www.europesays.com\/pt\/wp-json\/wp\/v2\/posts\/231376\/revisions"}],"wp:featuredmedia":[{"embeddable":true,"href":"https:\/\/www.europesays.com\/pt\/wp-json\/wp\/v2\/media\/231377"}],"wp:attachment":[{"href":"https:\/\/www.europesays.com\/pt\/wp-json\/wp\/v2\/media?parent=231376"}],"wp:term":[{"taxonomy":"category","embeddable":true,"href":"https:\/\/www.europesays.com\/pt\/wp-json\/wp\/v2\/categories?post=231376"},{"taxonomy":"post_tag","embeddable":true,"href":"https:\/\/www.europesays.com\/pt\/wp-json\/wp\/v2\/tags?post=231376"}],"curies":[{"name":"wp","href":"https:\/\/api.w.org\/{rel}","templated":true}]}}