{"id":231397,"date":"2026-01-16T12:48:16","date_gmt":"2026-01-16T12:48:16","guid":{"rendered":"https:\/\/www.europesays.com\/pt\/231397\/"},"modified":"2026-01-16T12:48:16","modified_gmt":"2026-01-16T12:48:16","slug":"da-a-luz-sozinha-na-casa-de-banho-do-hospital-e-atira-bebe-morto-a-sanita","status":"publish","type":"post","link":"https:\/\/www.europesays.com\/pt\/231397\/","title":{"rendered":"D\u00e1 \u00e0 luz sozinha na casa de banho do hospital e atira beb\u00e9 morto \u00e0 sanita"},"content":{"rendered":"<p data-remotead-prev-elm=\"true\" data-remotead-elm-id=\"inread\">O staff hospitalar, que n\u00e3o saberia que a mulher estava gr\u00e1vida, tentou, sem sucesso, manobras de reanima\u00e7\u00e3o ao beb\u00e9. A mulher est\u00e1 agora internada na Maternidade Alfredo da Costa, sob vigil\u00e2ncia das autoridades.<\/p>\n<p>O caso aconteceu na madrugada desta sexta-feira. De acordo com fonte da PSP, perto da meia-noite, a mulher de 33 anos deslocou-se, com o companheiro, ao hospital CUF Tejo, em Alc\u00e2ntara, queixando-se de dores na zona dorsal. Ao que foi poss\u00edvel apurar, na admiss\u00e3o, a mulher nunca informou que estava gr\u00e1vida, de 30 semanas, e, pouco tempo depois, dirigiu-se \u00e0 casa de banho, onde teve o beb\u00e9.<\/p>\n<p>O parto ter\u00e1 sido feito sem aux\u00edlio e o rec\u00e9m-nascido morreu. A mulher tentou, depois, desfazer-se do cad\u00e1ver na sanita, mas n\u00e3o conseguiu. Ainda na casa de banho, chamou o companheiro e foram alertados os m\u00e9dicos do hospital, que encontraram o beb\u00e9 j\u00e1 sem vida e com o cart\u00e3o umbilical cortado.<\/p>\n<p>As autoridades foram contactadas e a mulher transportada para a Maternidade Alfredo da Costa para ser assistida. Est\u00e1 sob cust\u00f3dia das autoridades. Face aos ind\u00edcios de homic\u00eddio, foi acionada a Pol\u00edcia Judici\u00e1ria de Lisboa, que vai investigar o caso.<\/p>\n","protected":false},"excerpt":{"rendered":"O staff hospitalar, que n\u00e3o saberia que a mulher estava gr\u00e1vida, tentou, sem sucesso, manobras de reanima\u00e7\u00e3o ao&hellip;\n","protected":false},"author":2,"featured_media":231398,"comment_status":"","ping_status":"","sticky":false,"template":"","format":"standard","meta":{"footnotes":""},"categories":[10],"tags":[2314,2557,27,28,21113,15,16,14,1173,603,25,26,21,22,12,13,19,20,32,23,24,33,17,18,29,30,31],"class_list":{"0":"post-231397","1":"post","2":"type-post","3":"status-publish","4":"format-standard","5":"has-post-thumbnail","7":"category-portugal","8":"tag-aborto","9":"tag-bebe","10":"tag-breaking-news","11":"tag-breakingnews","12":"tag-concelho-lisboa","13":"tag-featured-news","14":"tag-featurednews","15":"tag-headlines","16":"tag-investigacao","17":"tag-justica","18":"tag-latest-news","19":"tag-latestnews","20":"tag-main-news","21":"tag-mainnews","22":"tag-news","23":"tag-noticias","24":"tag-noticias-principais","25":"tag-noticiasprincipais","26":"tag-portugal","27":"tag-principais-noticias","28":"tag-principaisnoticias","29":"tag-pt","30":"tag-top-stories","31":"tag-topstories","32":"tag-ultimas","33":"tag-ultimas-noticias","34":"tag-ultimasnoticias"},"share_on_mastodon":{"url":"https:\/\/pubeurope.com\/@pt\/115904859478810516","error":""},"_links":{"self":[{"href":"https:\/\/www.europesays.com\/pt\/wp-json\/wp\/v2\/posts\/231397","targetHints":{"allow":["GET"]}}],"collection":[{"href":"https:\/\/www.europesays.com\/pt\/wp-json\/wp\/v2\/posts"}],"about":[{"href":"https:\/\/www.europesays.com\/pt\/wp-json\/wp\/v2\/types\/post"}],"author":[{"embeddable":true,"href":"https:\/\/www.europesays.com\/pt\/wp-json\/wp\/v2\/users\/2"}],"replies":[{"embeddable":true,"href":"https:\/\/www.europesays.com\/pt\/wp-json\/wp\/v2\/comments?post=231397"}],"version-history":[{"count":0,"href":"https:\/\/www.europesays.com\/pt\/wp-json\/wp\/v2\/posts\/231397\/revisions"}],"wp:featuredmedia":[{"embeddable":true,"href":"https:\/\/www.europesays.com\/pt\/wp-json\/wp\/v2\/media\/231398"}],"wp:attachment":[{"href":"https:\/\/www.europesays.com\/pt\/wp-json\/wp\/v2\/media?parent=231397"}],"wp:term":[{"taxonomy":"category","embeddable":true,"href":"https:\/\/www.europesays.com\/pt\/wp-json\/wp\/v2\/categories?post=231397"},{"taxonomy":"post_tag","embeddable":true,"href":"https:\/\/www.europesays.com\/pt\/wp-json\/wp\/v2\/tags?post=231397"}],"curies":[{"name":"wp","href":"https:\/\/api.w.org\/{rel}","templated":true}]}}