{"id":231412,"date":"2026-01-16T13:02:14","date_gmt":"2026-01-16T13:02:14","guid":{"rendered":"https:\/\/www.europesays.com\/pt\/231412\/"},"modified":"2026-01-16T13:02:14","modified_gmt":"2026-01-16T13:02:14","slug":"israel-e-irao-terao-acordado-nao-se-atacar-atraves-da-russia-observador","status":"publish","type":"post","link":"https:\/\/www.europesays.com\/pt\/231412\/","title":{"rendered":"Israel e Ir\u00e3o ter\u00e3o acordado n\u00e3o se atacar atrav\u00e9s da R\u00fassia \u2013 Observador"},"content":{"rendered":"<p>No final de dezembro, dias antes do in\u00edcio dos protestos no Ir\u00e3o, as autoridades israelitas notificaram a lideran\u00e7a iraniana, atrav\u00e9s da R\u00fassia, de que n\u00e3o lan\u00e7ariam ataques contra o Ir\u00e3o se Israel tamb\u00e9m n\u00e3o fosse atacado. O Ir\u00e3o respondeu, por meio do canal russo, dizendo que tamb\u00e9m se absteria de um ataque. \u00c9 o que revela o <a href=\"https:\/\/www.washingtonpost.com\/world\/2026\/01\/14\/israel-iran-russia-secret-messages\/\" target=\"_blank\" rel=\"noopener nofollow\">The Washington Post<\/a> esta quarta-feira, citando diplomatas com conhecimento da troca de mensagens.<\/p>\n<p>O jornal norte-americano descreve as comunica\u00e7\u00f5es entre Israel e o Ir\u00e3o, bem como o papel desempenhado pela R\u00fassia como intermedi\u00e1ria, como <strong>algo \u201cincomum\u201d dada a hostilidade entre os dois pa\u00edses do M\u00e9dio Oriente,<\/strong> que travaram uma guerra de 12 dias em junho.<\/p>\n<p>\u201cOs contactos refletiram o desejo de Israel de evitar ser visto como um pa\u00eds que est\u00e1 a aumentar as tens\u00f5es com o Ir\u00e3o ou a liderar novos ataques contra ele, num momento em que Israel estava a preparar uma importante campanha militar contra o Hezbollah, a mil\u00edcia alinhada com o Ir\u00e3o no L\u00edbano, de acordo com diplomatas e autoridades regionais\u201d, escreve o di\u00e1rio americano, que nota como estas garantias contrastam com a ret\u00f3rica p\u00fablica de Israel no final do ano passado, quando as autoridades sugeriram abertamente a possibilidade de realizar novos ataques ao Ir\u00e3o para reverter o que diziam ser o r\u00e1pido reabastecimento do arsenal de m\u00edsseis bal\u00edsticos do pa\u00eds.<\/p>\n<p>Embora as autoridades iranianas tenham respondido positivamente \u00e0 aproxima\u00e7\u00e3o israelita, certo \u00e9 que figuras com conhecimento da troca de mensagens revelam que houve sempre cautela para com as inten\u00e7\u00f5es de Israel. O Ir\u00e3o acreditava que, mesmo que as garantias israelitas fossem genu\u00ednas, <strong>deixavam em aberto a possibilidade de que as for\u00e7as armadas dos EUA realizassem ataques contra o Ir\u00e3o<\/strong> como parte de uma campanha coordenada pelos dois aliados, enquanto Israel concentrava o combate estritamente no Hezbollah. Isto segundo as fontes que falaram sob anonimato ao jornal norte-americano. Ainda assim, \u201cpara o Ir\u00e3o, foi um bom neg\u00f3cio\u201d manter-se fora de qualquer conflito entre Israel e o Hezbollah, disse um alto funcion\u00e1rio da regi\u00e3o ao Post.<\/p>\n<p>Resta saber se a escalada de protestos no Ir\u00e3o nas \u00faltimas semanas \u2014 que j\u00e1 fez mais de 2.500 mortos \u2014 e consequente amea\u00e7a de Donald Trump p\u00f5e em cheque o dito acordo entre ambos os pa\u00edses. Esta sexta-feira, um alto funcion\u00e1rio iraniano disse \u00e0 Reuters que, s<strong>e atacado, o Ir\u00e3o retaliaria contra bases militares dos EUA no M\u00e9dio Oriente<\/strong>, sem mencionar Israel entre os alvos potenciais.<\/p>\n<p>A reportagem do Washington Post tamb\u00e9m d\u00e1 conta que o Kremlin j\u00e1 teria sugerido a Trump no passado a possibilidade de servir como intermedi\u00e1rio entre Israel e o Ir\u00e3o, de acordo com um acad\u00e9mico russo pr\u00f3ximo a diplomatas, mas Trump ter\u00e1 recusado a oferta. N\u00e3o \u00e9 claro se as trocas de mensagens em dezembro ocorreram com o conhecimento ou a participa\u00e7\u00e3o de Washington.<\/p>\n<p>J\u00e1 na semana passada, a emissora p\u00fablica israelita KAN tinha reportado que o primeiro-ministro de Israel, Benjamin Netanyahu, tinha pedido ao Presidente russo, Vladimir Putin, que transmitisse mensagens ao Ir\u00e3o de que Israel n\u00e3o tinha inten\u00e7\u00e3o de atacar o pa\u00eds.<\/p>\n","protected":false},"excerpt":{"rendered":"No final de dezembro, dias antes do in\u00edcio dos protestos no Ir\u00e3o, as autoridades israelitas notificaram a lideran\u00e7a&hellip;\n","protected":false},"author":2,"featured_media":231413,"comment_status":"","ping_status":"","sticky":false,"template":"","format":"standard","meta":{"footnotes":""},"categories":[50],"tags":[27,28,15,16,14,11208,25,26,21,22,310,62,12,13,19,20,23,24,17,18,29,30,31,63,64,65],"class_list":{"0":"post-231412","1":"post","2":"type-post","3":"status-publish","4":"format-standard","5":"has-post-thumbnail","7":"category-mundo","8":"tag-breaking-news","9":"tag-breakingnews","10":"tag-featured-news","11":"tag-featurednews","12":"tag-headlines","13":"tag-iru00e3o","14":"tag-latest-news","15":"tag-latestnews","16":"tag-main-news","17":"tag-mainnews","18":"tag-mu00e9dio-oriente","19":"tag-mundo","20":"tag-news","21":"tag-noticias","22":"tag-noticias-principais","23":"tag-noticiasprincipais","24":"tag-principais-noticias","25":"tag-principaisnoticias","26":"tag-top-stories","27":"tag-topstories","28":"tag-ultimas","29":"tag-ultimas-noticias","30":"tag-ultimasnoticias","31":"tag-world","32":"tag-world-news","33":"tag-worldnews"},"share_on_mastodon":{"url":"https:\/\/pubeurope.com\/@pt\/115904914622633192","error":""},"_links":{"self":[{"href":"https:\/\/www.europesays.com\/pt\/wp-json\/wp\/v2\/posts\/231412","targetHints":{"allow":["GET"]}}],"collection":[{"href":"https:\/\/www.europesays.com\/pt\/wp-json\/wp\/v2\/posts"}],"about":[{"href":"https:\/\/www.europesays.com\/pt\/wp-json\/wp\/v2\/types\/post"}],"author":[{"embeddable":true,"href":"https:\/\/www.europesays.com\/pt\/wp-json\/wp\/v2\/users\/2"}],"replies":[{"embeddable":true,"href":"https:\/\/www.europesays.com\/pt\/wp-json\/wp\/v2\/comments?post=231412"}],"version-history":[{"count":0,"href":"https:\/\/www.europesays.com\/pt\/wp-json\/wp\/v2\/posts\/231412\/revisions"}],"wp:featuredmedia":[{"embeddable":true,"href":"https:\/\/www.europesays.com\/pt\/wp-json\/wp\/v2\/media\/231413"}],"wp:attachment":[{"href":"https:\/\/www.europesays.com\/pt\/wp-json\/wp\/v2\/media?parent=231412"}],"wp:term":[{"taxonomy":"category","embeddable":true,"href":"https:\/\/www.europesays.com\/pt\/wp-json\/wp\/v2\/categories?post=231412"},{"taxonomy":"post_tag","embeddable":true,"href":"https:\/\/www.europesays.com\/pt\/wp-json\/wp\/v2\/tags?post=231412"}],"curies":[{"name":"wp","href":"https:\/\/api.w.org\/{rel}","templated":true}]}}