{"id":231414,"date":"2026-01-16T13:03:12","date_gmt":"2026-01-16T13:03:12","guid":{"rendered":"https:\/\/www.europesays.com\/pt\/231414\/"},"modified":"2026-01-16T13:03:12","modified_gmt":"2026-01-16T13:03:12","slug":"do-apelo-ao-voto-em-seguro-ao-novo-recuo-observador","status":"publish","type":"post","link":"https:\/\/www.europesays.com\/pt\/231414\/","title":{"rendered":"do apelo ao voto em Seguro ao novo recuo \u2013 Observador"},"content":{"rendered":"<p>Batiam as 17h30 quando Jorge Pinto percorria a rua de Cedofeita, no Porto, naquela que foi a primeira e \u00fanica arruada do candidato. A certa altura, parou para falar aos jornalistas. A banda que acompanhava o cortejo fez soar a conhecida \u2018I Will Survive\u2019 e o momento tornou-se quase po\u00e9tico: Jorge Pinto incentivou os eleitores a votar em Ant\u00f3nio Jos\u00e9 Seguro, postura reiterada mais tarde numa carta enviada aos militantes do Livre. E se isto foi recebido com surpresa, o facto de ter voltado atr\u00e1s com as suas palavras poucas horas depois tamb\u00e9m o foi. Ao final da noite, Rui Tavares tentou conter os danos feitos durante o dia, sublinhando que quem vota em Jorge Pinto \u201cvota na festa da Rep\u00fablica\u201d.<\/p>\n<p>Logo pela manh\u00e3, Jorge Pinto chegou \u00e0 esta\u00e7\u00e3o de metro de Santo Ov\u00eddio, em Vila Nova de Gaia, e foi confrontado com os dados das \u00faltimas sondagens, que n\u00e3o s\u00e3o animadoras. Come\u00e7ou por dar a resposta habitual, argumentando que o voto \u00fatil \u00e9 votar em quem os portugueses acham que vai fazer a diferen\u00e7a. Mas depois foi mais al\u00e9m, afirmando que respeita quem lhe diz que gostava de votar nele, mas que n\u00e3o o faz por medo do resultado a 1.\u00aa volta. \u201cQue as pessoas decidam livremente! N\u00e3o serei eu a julgar as pessoas pelo seu sentido de voto\u201d, afirmou. Por esta altura, Jorge Pinto estava a preparar o terreno para aquilo que viria a dizer durante a tarde, no Porto.<\/p>\n<p>Acompanhado por cerca de 50 pessoas (maioritariamente jovens), Jorge Pinto interrompeu a arruada por uma das ruas do Porto para tranquilizar os seus eleitores. Explicou que o mais importante nesta corrida a Bel\u00e9m \u00e9 que o resultado final seja positivo para o pa\u00eds. O \u201cque me moveu\u201d desde o in\u00edcio desta candidatura, disse, foi, \u201cmais que um bom resultado, [ter] um bom resultado para o pa\u00eds\u201d, afirmou.<\/p>\n<p>E alertou depois para a exist\u00eancia de \u201cum risco real de termos uma 2.\u00aa volta com um candidato anti-republicano e anti-democr\u00e1tico e, do outro lado, um candidato extremamente pr\u00f3ximo do governo\u201d. Jorge Pinto referia-se \u00e0 possibilidade de haver uma corrida entre Andr\u00e9 Ventura e um outro candidato de direita (Marques Mendes ou Cotrim Figueiredo) numa 2.\u00aa volta.<\/p>\n<p>E logo depois, sem o dizer letra por letra, abriu a porta aos seus eleitores para que votem em Seguro, fazendo algo semelhante a um apelo ao voto. \u201cEstou confort\u00e1vel com a ideia de as pessoas votarem de maneira consciente. E, se isso significar um mau resultado para esta candidatura, c\u00e1 estarei. Votem de acordo com a suas consci\u00eancias. Se isso levar a que votem noutras candidaturas com medo [que outras] passem \u00e0 2.\u00aa volta, c\u00e1 estarei para o receber, compreender e aceitar.\u201d<\/p>\n<p>A afirma\u00e7\u00e3o de Jorge Pinto \u2014 agora mais concreta do que as palavras proferidas pela manh\u00e3 \u2014 levaram a rea\u00e7\u00f5es de Ant\u00f3nio Jos\u00e9 Seguro e Ant\u00f3nio Filipe. O primeiro disse ter tomado \u201cboa nota\u201d das declara\u00e7\u00f5es e que todos os votos at\u00e9 domingo contavam. J\u00e1 o segundo aproveitou para reiterar que a sua candidatura faz \u201cmais sentido\u201d que nunca.<\/p>\n<p>Poucas horas depois, os militantes do Livre, partido que apoia a candidatura de Jorge Pinto, receberam no seu email uma carta escrita e assinada pelo candidato mais novo a Bel\u00e9m. No extenso documento lia-se que os eleitores deviam votar \u201clivremente\u201d no nome que consideram que pode dar \u201cmais garantias de defesa da Constitui\u00e7\u00e3o\u201d. E em <strong>nenhum momento houve um apelo ao voto<\/strong> na sua candidatura.<\/p>\n<p>Jorge Pinto parecia ter deixado claro que, apesar de n\u00e3o ter desistido da corrida (at\u00e9 porque o prazo para tal j\u00e1 tinha terminado), apoiava abertamente o candidato apoiado pelo PS e entendia que os seus eleitores apostassem em Seguro, por ser a \u00fanica solu\u00e7\u00e3o para enfrentar uma 2.\u00aa volta com um candidato de direita. Ap\u00f3s dias a ser questionado frequentemente se desistia ou n\u00e3o e a tentar afirmar a sua candidatura, parecia finalmente que Jorge Pinto estava mesmo a ser coerente (apesar de o apoio a Seguro j\u00e1 surgir na reta final da campanha).<\/p>\n<p>Mas nem 30 minutos depois de a carta ser enviada aos militantes, Jorge Pinto voltou atr\u00e1s na posi\u00e7\u00e3o. De repente, o mesmo candidato parecia seguir duas formas distintas de fazer campanha eleitoral. Foi minutos antes do in\u00edcio do com\u00edcio da noite, ao falar aos jornalistas, que mudou de posi\u00e7\u00e3o. Jorge Pinto acabou por se desdizer e garantir que continua na corrida.\u201cAquilo que disse e que me parece, at\u00e9, uma lapalissada, \u00e9 que ningu\u00e9m \u00e9 dono dos votos de ningu\u00e9m. O voto \u00fatil seria na minha candidatura. Ou acha que eu estou nesta candidatura para pedir \u00e0s pessoas para n\u00e3o votarem em mim? \u00c9 evidente que n\u00e3o\u201d, afirmou.<\/p>\n<p>E, depois de recusar ter feito um apelo ao voto em Seguro (ou qualquer outro candidato), disse ver com \u201csurpresa\u201d que as suas afirma\u00e7\u00f5es fossem, sequer, um assunto. \u201cEu dizer uma coisa que \u00e9 t\u00e3o \u00f3bvia, se calhar \u00e9 excesso de transpar\u00eancia da minha parte, \u00e9 excesso de honestidade\u2026 Seja! Eu estou na pol\u00edtica tamb\u00e9m para isto\u201d, rematou.<\/p>\n<p>Jorge Pinto aparenta estar sempre feliz. Nos \u00faltimos dias, mesmo quando as a\u00e7\u00f5es de campanha ou as sondagens n\u00e3o correm da melhor forma, o candidato sorri e mostra que est\u00e1 a levar tudo com leveza. Esta quinta-feira \u00e0 noite n\u00e3o foi exce\u00e7\u00e3o, mas Jorge Pinto deixou transparecer um certo inc\u00f3modo face ao elevado n\u00famero de perguntas que, de repente, minutos antes de subir ao palco da Biblioteca Almeida Garrett, choveram.<\/p>\n<p>O com\u00edcio seguiu com normalidade e quando Rui Tavares pegou no microfone (tal como tem acontecido nos com\u00edcios de Jorge Pinto), a sala ficou em sil\u00eancio. Atentos, os apoiantes ouviam o co-porta-voz do Livre alertar para os perigos de uma revis\u00e3o constitucional \u00e0 direita e tecer largos elogios a Jorge Pinto. E inevitavelmente tocou no ponto: \u201cAo votar no domingo, as pessoas podem estar, analisando a situa\u00e7\u00e3o pol\u00edtica, preocupadas com a 2.\u00aa volta\u201d, reconheceu.<\/p>\n<p>E logo depois passou \u00e0 <strong>tentativa de conten\u00e7\u00e3o de danos<\/strong>, explicando que Jorge Pinto tentou \u201cdizer o mais simples e \u00f3bvio\u201d, de forma a garantir aos portugueses \u201co melhor candidato na 1.\u00aa volta e a garantia de que temos na 2.\u00aa volta algu\u00e9m que respeita a Constitui\u00e7\u00e3o\u201d.<\/p>\n<p>\u201cN\u00f3s respeitamos os c\u00e1lculos\u201d dos eleitores, garantiu. Mas \u201cquem vota no Jorge Pinto vota na festa da Rep\u00fablica, n\u00e3o num funeral. E vota com enorme alegria\u201d. No final ainda lan\u00e7ou um \u00faltimo apelo aos militantes: \u201cS\u00e3o convocados a seguir o exemplo do nosso candidato e a dizer \u2018Presente\u2019. Quem n\u00e3o luta por uma Rep\u00fablica acaba por perd\u00ea-la.\u201d<\/p>\n<p>Mas ao contr\u00e1rio do que aconteceu nos com\u00edcios anteriores, desta vez n\u00e3o foi Rui Tavares quem teve o destaque da noite, mas sim Jorge Pinto. Com uma for\u00e7a e assertividade diferente das noites anteriores, o candidato discursou durante cerca de 30 minutos e o ponto de partida foi logo o ponto mais sens\u00edvel do dia.<\/p>\n<p>\u201cRespeito quem vota por medo. Disse uma coisa t\u00e3o simples quanto esta. Respeitamos os portugueses e a sua intelig\u00eancia\u2026 N\u00e3o \u00e9 \u00f3bvia [a minha posi\u00e7\u00e3o] porqu\u00ea? Porque n\u00e3o dizemos o que as ag\u00eancias de comunica\u00e7\u00e3o querem? Porque n\u00e3o usamos o discurso redondo pastoso dos outros candidatos?\u201d, criticou. A frase elevou os \u00e2nimos dos apoiantes, que aplaudiram energicamente.<\/p>\n<p>E a partir da\u00ed, Jorge Pinto n\u00e3o se deixou ficar. Tecendo criticas aos comentadores \u201csempre com opini\u00f5es ultra-formadas\u201d sobre tudo e focados mais na desist\u00eancia do que no conte\u00fado da sua campanha, o candidato quis deixar claro que a sua marca pol\u00edtica \u00e9 a honestidade.<\/p>\n<p>Por isso, disse, preferir \u201cmil vezes ser conhecido pela honestidade do que por ser racista\u201d. \u201cPrefiro mil vezes ser conhecido pela honestidade do que ter d\u00favidas em dizer que, numa 2.\u00aa volta, estarei sempre com outro candidato do que com um candidato de direita. Mil vezes ser conhecido pela honestidade do que dizer ser liberal e andar aos abra\u00e7os com fascistas\u201d, continuou, levando a que toda a sala se levantasse, gritando e aplaudindo Jorge Pinto como nunca tinha acontecido at\u00e9 ent\u00e3o.<\/p>\n<p>E, quebrando a promessa que fez sobre n\u00e3o instrumentalizar e n\u00e3o trazer para a campanha uma den\u00fancia de ass\u00e9dio \u201cgrave\u201d, virou-se para os apoiantes de Cotrim Figueiredo: \u201cPrefiro mil vezes ser <strong>conhecido pela honestidade do que tentar abafar\u00a0 um caso de ass\u00e9dio<\/strong> e atacar os jornalistas.\u201d<\/p>\n","protected":false},"excerpt":{"rendered":"Batiam as 17h30 quando Jorge Pinto percorria a rua de Cedofeita, no Porto, naquela que foi a primeira&hellip;\n","protected":false},"author":2,"featured_media":231415,"comment_status":"","ping_status":"","sticky":false,"template":"","format":"standard","meta":{"footnotes":""},"categories":[10],"tags":[27,28,1077,15,16,14,25,26,21,22,12,13,19,20,302,32,5215,1076,23,24,33,17,18,29,30,31],"class_list":{"0":"post-231414","1":"post","2":"type-post","3":"status-publish","4":"format-standard","5":"has-post-thumbnail","7":"category-portugal","8":"tag-breaking-news","9":"tag-breakingnews","10":"tag-eleiu00e7u00f5es","11":"tag-featured-news","12":"tag-featurednews","13":"tag-headlines","14":"tag-latest-news","15":"tag-latestnews","16":"tag-main-news","17":"tag-mainnews","18":"tag-news","19":"tag-noticias","20":"tag-noticias-principais","21":"tag-noticiasprincipais","22":"tag-polu00edtica","23":"tag-portugal","24":"tag-presidenciais","25":"tag-presidenciais-2026","26":"tag-principais-noticias","27":"tag-principaisnoticias","28":"tag-pt","29":"tag-top-stories","30":"tag-topstories","31":"tag-ultimas","32":"tag-ultimas-noticias","33":"tag-ultimasnoticias"},"share_on_mastodon":{"url":"https:\/\/pubeurope.com\/@pt\/115904918527691522","error":""},"_links":{"self":[{"href":"https:\/\/www.europesays.com\/pt\/wp-json\/wp\/v2\/posts\/231414","targetHints":{"allow":["GET"]}}],"collection":[{"href":"https:\/\/www.europesays.com\/pt\/wp-json\/wp\/v2\/posts"}],"about":[{"href":"https:\/\/www.europesays.com\/pt\/wp-json\/wp\/v2\/types\/post"}],"author":[{"embeddable":true,"href":"https:\/\/www.europesays.com\/pt\/wp-json\/wp\/v2\/users\/2"}],"replies":[{"embeddable":true,"href":"https:\/\/www.europesays.com\/pt\/wp-json\/wp\/v2\/comments?post=231414"}],"version-history":[{"count":0,"href":"https:\/\/www.europesays.com\/pt\/wp-json\/wp\/v2\/posts\/231414\/revisions"}],"wp:featuredmedia":[{"embeddable":true,"href":"https:\/\/www.europesays.com\/pt\/wp-json\/wp\/v2\/media\/231415"}],"wp:attachment":[{"href":"https:\/\/www.europesays.com\/pt\/wp-json\/wp\/v2\/media?parent=231414"}],"wp:term":[{"taxonomy":"category","embeddable":true,"href":"https:\/\/www.europesays.com\/pt\/wp-json\/wp\/v2\/categories?post=231414"},{"taxonomy":"post_tag","embeddable":true,"href":"https:\/\/www.europesays.com\/pt\/wp-json\/wp\/v2\/tags?post=231414"}],"curies":[{"name":"wp","href":"https:\/\/api.w.org\/{rel}","templated":true}]}}