{"id":231416,"date":"2026-01-16T13:05:17","date_gmt":"2026-01-16T13:05:17","guid":{"rendered":"https:\/\/www.europesays.com\/pt\/231416\/"},"modified":"2026-01-16T13:05:17","modified_gmt":"2026-01-16T13:05:17","slug":"ator-de-the-rookie-revela-ideia-inusitada-que-foi-barrada-e-seria-o-episodio-mais-insano-da-serie","status":"publish","type":"post","link":"https:\/\/www.europesays.com\/pt\/231416\/","title":{"rendered":"Ator de The Rookie revela ideia inusitada que foi barrada e seria o epis\u00f3dio mais insano da s\u00e9rie"},"content":{"rendered":"<p>\n                        Richard T. Jones sugeriu um detalhe curioso para os produtores, mas sua ideia foi prontamente descartada.\n                    <\/p>\n<ul class=\"article__header__author\">\n<li class=\"article__header__author__item\">\n                                                Por:<br \/>\n                                                                                    Rafael Felizardo \/ Adoro Cinema\n                                                                        <\/li>\n<\/ul>\n<p class=\"text\">Sem sombra de d\u00favida, <a href=\"https:\/\/www.adorocinema.com\/series\/serie-22917\/\" rel=\"nofollow noopener\" target=\"_blank\">The Rookie<\/a> \u00e9 uma das s\u00e9ries policiais mais badaladas da televis\u00e3o, uma produ\u00e7\u00e3o que conta com o protagonismo de <a href=\"https:\/\/www.adorocinema.com\/personalidades\/personalidade-60344\/\" rel=\"nofollow noopener\" target=\"_blank\">Nathan Fillion<\/a>. Atualmente, o show criado por <a href=\"https:\/\/www.adorocinema.com\/personalidades\/personalidade-94525\/\" rel=\"nofollow noopener\" target=\"_blank\">Alexi Hawley<\/a> encontra-se em sua 8\u00aa temporada &#8211; e por conta da longevidade, muitas ideias malucas passaram pela cabe\u00e7a dos envolvidos no decorrer dos anos.<\/p>\n<p><img loading=\"lazy\" decoding=\"async\" alt=\"\" class=\"img-d710938a8667cee7b5cb392bb5f7a95djzlkp0e6\" height=\"435\" src=\"https:\/\/www.europesays.com\/pt\/wp-content\/uploads\/2026\/01\/125732100-f5d477c9ab6fbcba1a6614c4116235db.jpg\"  title=\"ABC \/ Adoro Cinema\" width=\"774\"\/><\/p>\n<p>\nFoto: ABC \/ Adoro Cinema\n<\/p>\n<p>UM MUSICAL THE ROOKIE?<\/p>\n<p class=\"text\">Durante uma entrevista passada para o Collider, <a href=\"https:\/\/www.adorocinema.com\/personalidades\/personalidade-26766\/\" rel=\"nofollow noopener\" target=\"_blank\">Richard T. Jones<\/a>, int\u00e9rprete do tenente Wade Grey, compartilhou uma curiosidade interessante sobre a s\u00e9rie, revelando que chegou a sugerir que a trama se entregasse a um epis\u00f3dio musical. Obviamente, os produtores negaram o pedido do ator, mas no fim das contas, o que vale \u00e9 a inten\u00e7\u00e3o.<\/p>\n<p class=\"text\">&#8220;&#8216;Por favor, fa\u00e7am um epis\u00f3dio musical!&#8217; Eu adoraria. Na verdade, eu sugeri isso. Eu propus um epis\u00f3dio musical em preto e branco, e eles disseram n\u00e3o. Mas eu sugeri mesmo. Qual seria a m\u00fasica? Eu n\u00e3o sei cantar nada, mas todo mundo no elenco sabe. \u00c9 isso que \u00e9 \u00f3timo. Eu s\u00f3 quero ouvir a voz de todos&#8221;, colocou Jones.<\/p>\n<p class=\"text\">Ele ainda acrescenta:<\/p>\n<p class=\"text\">&#8220;A m\u00fasica do Wade Grey seria, provavelmente, &#8216;To live the impossible dream\u2026&#8217; Seria tipo uma daquelas baladas grandiosas. &#8216;To fight the unbeatable\u2026&#8217; Seria assim.&#8221;<\/p>\n<p class=\"text\">Para os interessados, vale ressaltar que The Rookie pode ser encontrado para streaming na <a href=\"https:\/\/www.adorocinema.com\/streaming\/netflix\/\" rel=\"nofollow noopener\" target=\"_blank\">Netflix<\/a>. At\u00e9 o momento, a 8\u00aa temporada n\u00e3o est\u00e1 dispon\u00edvel no Brasil.<\/p>\n<p class=\"text\"><a href=\"https:\/\/www.adorocinema.com\/noticias\/series\/noticia-1000185479\/\" rel=\"nofollow noopener\" target=\"_blank\">Artigo original publicado em AdoroCinema<\/a><\/p>\n<p class=\"text\"><a href=\"https:\/\/www.adorocinema.com\/noticias\/filmes\/noticia-1000174145\/\" rel=\"nofollow noopener\" target=\"_blank\">Tudo sobre a 8\u00aa temporada de The Rookie: A s\u00e9rie continua uma tend\u00eancia irritante, para grande desgosto de todos os f\u00e3s<\/a><\/p>\n<p class=\"text\"><a href=\"https:\/\/www.adorocinema.com\/noticias\/filmes\/noticia-1000178720\/\" rel=\"nofollow noopener\" target=\"_blank\">O protagonista da nova s\u00e9rie The Rookie j\u00e1 \u00e9 conhecido: Ele segue os passos de Nathan Fillion e interpreta um novato de meia-idade<\/a><\/p>\n<p class=\"text\"><a href=\"https:\/\/www.adorocinema.com\/noticias\/filmes\/noticia-1000179884\/\" rel=\"nofollow noopener\" target=\"_blank\">Nathan Fillion deixar\u00e1 The Rookie a partir desta temporada: &#8220;E depois desfrutar de uma aposentadoria tranquila&#8221;<\/a><\/p>\n<p class=\"text\"><a href=\"https:\/\/www.adorocinema.com\/noticias\/filmes\/noticia-1000180026\/\" rel=\"nofollow noopener\" target=\"_blank\">Concuss\u00e3o e costelas quebradas: As consequ\u00eancias tr\u00e1gicas de The Rookie por tr\u00e1s das c\u00e2meras<\/a><\/p>\n","protected":false},"excerpt":{"rendered":"Richard T. Jones sugeriu um detalhe curioso para os produtores, mas sua ideia foi prontamente descartada. Por: Rafael&hellip;\n","protected":false},"author":2,"featured_media":231417,"comment_status":"","ping_status":"","sticky":false,"template":"","format":"standard","meta":{"footnotes":""},"categories":[145],"tags":[211,210,114,115,32,33],"class_list":{"0":"post-231416","1":"post","2":"type-post","3":"status-publish","4":"format-standard","5":"has-post-thumbnail","7":"category-celebridades","8":"tag-celebridades","9":"tag-celebrities","10":"tag-entertainment","11":"tag-entretenimento","12":"tag-portugal","13":"tag-pt"},"share_on_mastodon":{"url":"https:\/\/pubeurope.com\/@pt\/115904926365489912","error":""},"_links":{"self":[{"href":"https:\/\/www.europesays.com\/pt\/wp-json\/wp\/v2\/posts\/231416","targetHints":{"allow":["GET"]}}],"collection":[{"href":"https:\/\/www.europesays.com\/pt\/wp-json\/wp\/v2\/posts"}],"about":[{"href":"https:\/\/www.europesays.com\/pt\/wp-json\/wp\/v2\/types\/post"}],"author":[{"embeddable":true,"href":"https:\/\/www.europesays.com\/pt\/wp-json\/wp\/v2\/users\/2"}],"replies":[{"embeddable":true,"href":"https:\/\/www.europesays.com\/pt\/wp-json\/wp\/v2\/comments?post=231416"}],"version-history":[{"count":0,"href":"https:\/\/www.europesays.com\/pt\/wp-json\/wp\/v2\/posts\/231416\/revisions"}],"wp:featuredmedia":[{"embeddable":true,"href":"https:\/\/www.europesays.com\/pt\/wp-json\/wp\/v2\/media\/231417"}],"wp:attachment":[{"href":"https:\/\/www.europesays.com\/pt\/wp-json\/wp\/v2\/media?parent=231416"}],"wp:term":[{"taxonomy":"category","embeddable":true,"href":"https:\/\/www.europesays.com\/pt\/wp-json\/wp\/v2\/categories?post=231416"},{"taxonomy":"post_tag","embeddable":true,"href":"https:\/\/www.europesays.com\/pt\/wp-json\/wp\/v2\/tags?post=231416"}],"curies":[{"name":"wp","href":"https:\/\/api.w.org\/{rel}","templated":true}]}}