{"id":231422,"date":"2026-01-16T13:10:12","date_gmt":"2026-01-16T13:10:12","guid":{"rendered":"https:\/\/www.europesays.com\/pt\/231422\/"},"modified":"2026-01-16T13:10:12","modified_gmt":"2026-01-16T13:10:12","slug":"documentario-reconstroi-assalto-as-joias-da-coroa-no-louvre-vida","status":"publish","type":"post","link":"https:\/\/www.europesays.com\/pt\/231422\/","title":{"rendered":"Document\u00e1rio reconstr\u00f3i assalto \u00e0s joias da coroa no Louvre &#8211; Vida"},"content":{"rendered":"<p class=\"p1\"><b>Acompanhe toda a atualidade informativa em\u00a0<\/b><a href=\"http:\/\/24noticias.sapo.pt\/\" rel=\"nofollow noopener\" target=\"_blank\"><b>24noticias.sapo.pt<\/b><\/a><\/p>\n<p>O document\u00e1rio especial centra-se no assalto ocorrido no dia 19 de outubro de 2025, quando um grupo de ladr\u00f5es roubou joias da coroa francesa no Museu do Louvre, em Paris, em pleno dia e perante visitantes. A opera\u00e7\u00e3o resultou na fuga dos criminosos com mais de 88 milh\u00f5es de euros em tesouros hist\u00f3ricos.<\/p>\n<p>Com cerca de 40 minutos de dura\u00e7\u00e3o, o document\u00e1rio re\u00fane testemunhos de quem estava presente, entrevistas com antigos assaltantes, al\u00e9m de an\u00e1lises forenses e de especialistas em seguran\u00e7a, tra\u00e7ando uma cronologia detalhada do crime, desde a infiltra\u00e7\u00e3o at\u00e9 \u00e0 fuga.<\/p>\n<p>O filme tamb\u00e9m aborda as consequ\u00eancias do roubo, incluindo quest\u00f5es de seguran\u00e7a em institui\u00e7\u00f5es culturais, a corrida das autoridades para recuperar as pe\u00e7as e o impacto do crime na perce\u00e7\u00e3o p\u00fablica sobre artefactos valiosos.<\/p>\n<p>O document\u00e1rio estar\u00e1 dispon\u00edvel na televis\u00e3o, no Canal ID \u2014 NOS (115), MEO (115), Vodafone (130) e Digi (64) \u2014 e em streaming na HBO Max.<\/p>\n<p>___<\/p>\n<p><strong>A sua newsletter de sempre, agora ainda mais \u00fatil<\/strong><\/p>\n<p>Com o lan\u00e7amento da nova marca de informa\u00e7\u00e3o 24not\u00edcias, estamos a mudar a plataforma de newsletters, aproveitando para refor\u00e7ar a informa\u00e7\u00e3o que os leitores mais valorizam:<strong> a que lhes \u00e9 \u00fatil, ajuda a tomar decis\u00f5es e a entender o mundo.<\/strong><\/p>\n<p><strong>Assine a nova newsletter do 24not\u00edcias <a href=\"https:\/\/sapo.us1.list-manage.com\/subscribe?u=8f49263740b14ab5854be8045&amp;id=57a39c5e8f\" target=\"_blank\" rel=\"noopener noreferrer nofollow\">aqui<\/a>.<\/strong><\/p>\n","protected":false},"excerpt":{"rendered":"Acompanhe toda a atualidade informativa em\u00a024noticias.sapo.pt O document\u00e1rio especial centra-se no assalto ocorrido no dia 19 de outubro&hellip;\n","protected":false},"author":2,"featured_media":231423,"comment_status":"","ping_status":"","sticky":false,"template":"","format":"standard","meta":{"footnotes":""},"categories":[140],"tags":[114,115,147,148,146,32,33],"class_list":{"0":"post-231422","1":"post","2":"type-post","3":"status-publish","4":"format-standard","5":"has-post-thumbnail","7":"category-filmes","8":"tag-entertainment","9":"tag-entretenimento","10":"tag-film","11":"tag-filmes","12":"tag-movies","13":"tag-portugal","14":"tag-pt"},"share_on_mastodon":{"url":"https:\/\/pubeurope.com\/@pt\/115904946214762978","error":""},"_links":{"self":[{"href":"https:\/\/www.europesays.com\/pt\/wp-json\/wp\/v2\/posts\/231422","targetHints":{"allow":["GET"]}}],"collection":[{"href":"https:\/\/www.europesays.com\/pt\/wp-json\/wp\/v2\/posts"}],"about":[{"href":"https:\/\/www.europesays.com\/pt\/wp-json\/wp\/v2\/types\/post"}],"author":[{"embeddable":true,"href":"https:\/\/www.europesays.com\/pt\/wp-json\/wp\/v2\/users\/2"}],"replies":[{"embeddable":true,"href":"https:\/\/www.europesays.com\/pt\/wp-json\/wp\/v2\/comments?post=231422"}],"version-history":[{"count":0,"href":"https:\/\/www.europesays.com\/pt\/wp-json\/wp\/v2\/posts\/231422\/revisions"}],"wp:featuredmedia":[{"embeddable":true,"href":"https:\/\/www.europesays.com\/pt\/wp-json\/wp\/v2\/media\/231423"}],"wp:attachment":[{"href":"https:\/\/www.europesays.com\/pt\/wp-json\/wp\/v2\/media?parent=231422"}],"wp:term":[{"taxonomy":"category","embeddable":true,"href":"https:\/\/www.europesays.com\/pt\/wp-json\/wp\/v2\/categories?post=231422"},{"taxonomy":"post_tag","embeddable":true,"href":"https:\/\/www.europesays.com\/pt\/wp-json\/wp\/v2\/tags?post=231422"}],"curies":[{"name":"wp","href":"https:\/\/api.w.org\/{rel}","templated":true}]}}