{"id":231424,"date":"2026-01-16T13:11:09","date_gmt":"2026-01-16T13:11:09","guid":{"rendered":"https:\/\/www.europesays.com\/pt\/231424\/"},"modified":"2026-01-16T13:11:09","modified_gmt":"2026-01-16T13:11:09","slug":"barrenechea-esclarece-alegado-insulto-ao-fc-porto-no-instagram","status":"publish","type":"post","link":"https:\/\/www.europesays.com\/pt\/231424\/","title":{"rendered":"Barrenechea esclarece alegado insulto ao FC Porto no Instagram"},"content":{"rendered":"<p style=\"margin-bottom:11px\">(artigo atualizado \u00e0s 12h48, com a \u00faltima publica\u00e7\u00e3o de Enzo)<\/p>\n<p style=\"margin-bottom:11px\"><a href=\"https:\/\/maisfutebol.iol.pt\/jogo\/aominuto\/fc-porto\/benfica\/13831605\" target=\"_blank\" rel=\"nofollow noopener\">O Cl\u00e1ssico entre FC Porto e Benfica<\/a>, dos quartos de final Ta\u00e7a de Portugal, continua a dar que falar nas redes sociais.<\/p>\n<p>Nas \u00faltimas horas, foi Enzo Barrenechea, m\u00e9dio das \u00e1guias, a pronunciar-se sobre um jogo em que n\u00e3o participou devido a limita\u00e7\u00f5es f\u00edsicas.<\/p>\n<p>Numa hist\u00f3ria partilhada no Instagram, o m\u00e9dio argentino publicou duas imagens, uma em que surge sozinho e outra que retrata um lance disputado com Samu <a href=\"https:\/\/maisfutebol.iol.pt\/classico\/fc-porto\/fc-porto-benfica-0-0-cronica\" target=\"_blank\" rel=\"nofollow noopener\">no Cl\u00e1ssico da Liga<\/a>, em outubro do ano passado.<\/p>\n<p>A legenda come\u00e7a com a sigla Hdmp, que se sup\u00f5e ser um acr\u00f3nimo para \u00abHijos de mil p****\u00bb, algo que se traduz como \u00abFilhos de mil p****\u00bb. A mensagem termina com um desafiador \u00abVemo-nos em breve\u00bb, seguindo-se uma imagem de um duelo com Samu.<\/p>\n<p>De recordar que Samu tinha publicado um v\u00eddeo nas redes sociais de um momento em que exibe o s\u00edmbolo do FC Porto a Vangelis Pavlidis, avan\u00e7ado do Benfica, com a legenda: \u00abRespeita.\u00bb<\/p>\n<p><img loading=\"lazy\" decoding=\"async\" alt=\"\" height=\"1777\" src=\"https:\/\/www.europesays.com\/pt\/wp-content\/uploads\/2026\/01\/1768569068_171_1000.webp\" width=\"1000\"\/><\/p>\n<p><img loading=\"lazy\" decoding=\"async\" alt=\"\" height=\"1778\" src=\"https:\/\/www.europesays.com\/pt\/wp-content\/uploads\/2026\/01\/1768569068_878_1000.webp\" width=\"1000\"\/><\/p>\n<p>Entretanto, Barrenechea \u00abesclareceu\u00bb a hist\u00f3ria em que escrevera \u00abHDMP\u00bb e, ao final desta manh\u00e3, colocou uma nova, procurando explicar o que quis escrever com as quatro letras: \u00abHumildade, Disciplina, Muito trabalho, Paix\u00e3o\u00bb, pode ler-se, na mais recente hist\u00f3ria partilhada no Instagram.<\/p>\n<p><img decoding=\"async\" alt=\"\" src=\"https:\/\/www.europesays.com\/pt\/wp-content\/uploads\/2026\/01\/696a3225d34e0ec52ec2419e.webp\"\/><\/p>\n","protected":false},"excerpt":{"rendered":"(artigo atualizado \u00e0s 12h48, com a \u00faltima publica\u00e7\u00e3o de Enzo) O Cl\u00e1ssico entre FC Porto e Benfica, dos&hellip;\n","protected":false},"author":2,"featured_media":231425,"comment_status":"","ping_status":"","sticky":false,"template":"","format":"standard","meta":{"footnotes":""},"categories":[87],"tags":[51,135,34487,282,1356,46,32,33,47,7930,134,13676],"class_list":{"0":"post-231424","1":"post","2":"type-post","3":"status-publish","4":"format-standard","5":"has-post-thumbnail","7":"category-desporto","8":"tag-benfica","9":"tag-desporto","10":"tag-enzo-barrenechea","11":"tag-fc-porto","12":"tag-mais-futebol","13":"tag-maisfutebol","14":"tag-portugal","15":"tag-pt","16":"tag-pura-paixao","17":"tag-samu","18":"tag-sports","19":"tag-taca-portugal"},"share_on_mastodon":{"url":"https:\/\/pubeurope.com\/@pt\/115904950097580459","error":""},"_links":{"self":[{"href":"https:\/\/www.europesays.com\/pt\/wp-json\/wp\/v2\/posts\/231424","targetHints":{"allow":["GET"]}}],"collection":[{"href":"https:\/\/www.europesays.com\/pt\/wp-json\/wp\/v2\/posts"}],"about":[{"href":"https:\/\/www.europesays.com\/pt\/wp-json\/wp\/v2\/types\/post"}],"author":[{"embeddable":true,"href":"https:\/\/www.europesays.com\/pt\/wp-json\/wp\/v2\/users\/2"}],"replies":[{"embeddable":true,"href":"https:\/\/www.europesays.com\/pt\/wp-json\/wp\/v2\/comments?post=231424"}],"version-history":[{"count":0,"href":"https:\/\/www.europesays.com\/pt\/wp-json\/wp\/v2\/posts\/231424\/revisions"}],"wp:featuredmedia":[{"embeddable":true,"href":"https:\/\/www.europesays.com\/pt\/wp-json\/wp\/v2\/media\/231425"}],"wp:attachment":[{"href":"https:\/\/www.europesays.com\/pt\/wp-json\/wp\/v2\/media?parent=231424"}],"wp:term":[{"taxonomy":"category","embeddable":true,"href":"https:\/\/www.europesays.com\/pt\/wp-json\/wp\/v2\/categories?post=231424"},{"taxonomy":"post_tag","embeddable":true,"href":"https:\/\/www.europesays.com\/pt\/wp-json\/wp\/v2\/tags?post=231424"}],"curies":[{"name":"wp","href":"https:\/\/api.w.org\/{rel}","templated":true}]}}