{"id":231432,"date":"2026-01-16T13:18:38","date_gmt":"2026-01-16T13:18:38","guid":{"rendered":"https:\/\/www.europesays.com\/pt\/231432\/"},"modified":"2026-01-16T13:18:38","modified_gmt":"2026-01-16T13:18:38","slug":"sondagem-presidenciais-sem-vencedor-a-primeira-volta-seguro-e-ventura-favoritos-para-decisao-final","status":"publish","type":"post","link":"https:\/\/www.europesays.com\/pt\/231432\/","title":{"rendered":"Sondagem: presidenciais sem vencedor \u00e0 primeira volta, Seguro e Ventura favoritos para decis\u00e3o final"},"content":{"rendered":"<p class=\"category\"><a href=\"https:\/\/sicnoticias.pt\/especiais\/eleicoes-presidenciais\" rel=\"nofollow noopener\" target=\"_blank\">Presidenciais<\/a><\/p>\n<p>Sondagem aponta para segunda volta nas presidenciais entre Seguro e Ventura.<\/p>\n<p><img decoding=\"async\" src=\"https:\/\/www.europesays.com\/pt\/wp-content\/uploads\/2026\/01\/1768569518_843_original.webp\" alt=\"Sondagem: presidenciais sem vencedor \u00e0 primeira volta, Seguro e Ventura favoritos para decis\u00e3o final\"\/><\/p>\n<p>twinsterphoto<\/p>\n<p><strong>Uma sondagem do<\/strong><strong> <\/strong><strong>Di\u00e1rio de Not\u00edcias<\/strong><strong> <\/strong><strong>e da Aximage, divulgada esta manh\u00e3, indica que \u00e9 pouco prov\u00e1vel que as elei\u00e7\u00f5es presidenciais fiquem decididas \u00e0 primeira volta, no pr\u00f3ximo domingo, apontando para uma segunda volta entre Ant\u00f3nio Jos\u00e9 Seguro e Andr\u00e9 Ventura.<\/strong><\/p>\n<p style=\"text-align: left;\">A sondagem do <a href=\"https:\/\/www.dn.pt\/pol%C3%ADtica\/sondagem-dnaximage-seguro-com-20-pontos-de-vantagem-em-relao-a-ventura-na-segunda-volta\" target=\"_blank\" rel=\"noopener noreferrer nofollow\">Di\u00e1rio de Not\u00edcias <\/a>e da Aximage aponta para uma elevada probabilidade de nenhum candidato alcan\u00e7ar a maioria absoluta na primeira volta das elei\u00e7\u00f5es presidenciais, marcadas para este domingo, cen\u00e1rio que empurra a decis\u00e3o para uma segunda volta, prevista para o pr\u00f3ximo m\u00eas.<\/p>\n<p style=\"text-align: left;\">Num eventual confronto direto, Ant\u00f3nio Jos\u00e9 Seguro e Andr\u00e9 Ventura surgem como os candidatos mais bem posicionados para disputar a segunda volta. <strong>O candidato apoiado pelo PS poderia aproximar-se dos 50% das inten\u00e7\u00f5es de voto<\/strong>, garantindo uma vantagem de cerca de 20 pontos percentuais face ao presidente do Chega.<\/p>\n<p style=\"text-align: left;\">De acordo com a sondagem, este seria o cen\u00e1rio mais favor\u00e1vel para Ant\u00f3nio Jos\u00e9 Seguro. A diferen\u00e7a seria menor caso enfrentasse Henrique Gouveia e Melo ou Lu\u00eds Marques Mendes.<\/p>\n<p style=\"text-align: left;\"><strong>Para Andr\u00e9 Ventura, o confronto com Ant\u00f3nio Jos\u00e9 Seguro surge como o mais dif\u00edcil,<\/strong> de acordo com os dados recolhidos. \u00c9 neste cen\u00e1rio que a dist\u00e2ncia entre os dois candidatos se revela mais acentuada.<\/p>\n<p style=\"text-align: left;\">A sondagem indica ainda que Ant\u00f3nio Jos\u00e9 Seguro re\u00fane cerca de 30% das inten\u00e7\u00f5es de voto para chegar ao Pal\u00e1cio de Bel\u00e9m, com um apoio mais expressivo entre eleitores com mais de 65 anos.<\/p>\n<p style=\"text-align: left;\">J\u00e1 Andr\u00e9 Ventura recolhe cerca de 19% das inten\u00e7\u00f5es de voto, com maior incid\u00eancia entre os eleitores mais jovens.<\/p>\n","protected":false},"excerpt":{"rendered":"Presidenciais Sondagem aponta para segunda volta nas presidenciais entre Seguro e Ventura. twinsterphoto Uma sondagem do Di\u00e1rio de&hellip;\n","protected":false},"author":2,"featured_media":231433,"comment_status":"","ping_status":"","sticky":false,"template":"","format":"standard","meta":{"footnotes":""},"categories":[8],"tags":[27,28,15,16,14,25,26,21,22,12,13,19,20,32,23,24,33,17,18,29,30,31],"class_list":{"0":"post-231432","1":"post","2":"type-post","3":"status-publish","4":"format-standard","5":"has-post-thumbnail","7":"category-principais-noticias","8":"tag-breaking-news","9":"tag-breakingnews","10":"tag-featured-news","11":"tag-featurednews","12":"tag-headlines","13":"tag-latest-news","14":"tag-latestnews","15":"tag-main-news","16":"tag-mainnews","17":"tag-news","18":"tag-noticias","19":"tag-noticias-principais","20":"tag-noticiasprincipais","21":"tag-portugal","22":"tag-principais-noticias","23":"tag-principaisnoticias","24":"tag-pt","25":"tag-top-stories","26":"tag-topstories","27":"tag-ultimas","28":"tag-ultimas-noticias","29":"tag-ultimasnoticias"},"share_on_mastodon":{"url":"https:\/\/pubeurope.com\/@pt\/115904977565410791","error":""},"_links":{"self":[{"href":"https:\/\/www.europesays.com\/pt\/wp-json\/wp\/v2\/posts\/231432","targetHints":{"allow":["GET"]}}],"collection":[{"href":"https:\/\/www.europesays.com\/pt\/wp-json\/wp\/v2\/posts"}],"about":[{"href":"https:\/\/www.europesays.com\/pt\/wp-json\/wp\/v2\/types\/post"}],"author":[{"embeddable":true,"href":"https:\/\/www.europesays.com\/pt\/wp-json\/wp\/v2\/users\/2"}],"replies":[{"embeddable":true,"href":"https:\/\/www.europesays.com\/pt\/wp-json\/wp\/v2\/comments?post=231432"}],"version-history":[{"count":0,"href":"https:\/\/www.europesays.com\/pt\/wp-json\/wp\/v2\/posts\/231432\/revisions"}],"wp:featuredmedia":[{"embeddable":true,"href":"https:\/\/www.europesays.com\/pt\/wp-json\/wp\/v2\/media\/231433"}],"wp:attachment":[{"href":"https:\/\/www.europesays.com\/pt\/wp-json\/wp\/v2\/media?parent=231432"}],"wp:term":[{"taxonomy":"category","embeddable":true,"href":"https:\/\/www.europesays.com\/pt\/wp-json\/wp\/v2\/categories?post=231432"},{"taxonomy":"post_tag","embeddable":true,"href":"https:\/\/www.europesays.com\/pt\/wp-json\/wp\/v2\/tags?post=231432"}],"curies":[{"name":"wp","href":"https:\/\/api.w.org\/{rel}","templated":true}]}}