{"id":231434,"date":"2026-01-16T13:19:07","date_gmt":"2026-01-16T13:19:07","guid":{"rendered":"https:\/\/www.europesays.com\/pt\/231434\/"},"modified":"2026-01-16T13:19:07","modified_gmt":"2026-01-16T13:19:07","slug":"mau-ambiente-na-tvi-jose-eduardo-moniz-da-resposta-torta-a-goucha-depois-do-apresentador-pedir-para-voltar-ao-formato-de-entrevistas-nacional","status":"publish","type":"post","link":"https:\/\/www.europesays.com\/pt\/231434\/","title":{"rendered":"Mau ambiente na TVI? Jos\u00e9 Eduardo Moniz d\u00e1 resposta torta a Goucha depois do apresentador pedir para voltar ao formato de entrevistas &#8211; Nacional"},"content":{"rendered":"<p class=\"\">&#13;<br \/>\n        Jos\u00e9 Eduardo Moniz reagiu \u00e0s declara\u00e7\u00f5es de Manuel Lu\u00eds Goucha<b> sobre o seu futuro na TVI.<\/b>&#13;\n    <\/p>\n<p class=\"\">&#13;<br \/>\n        Desde que o seu programa hom\u00f3nimo de entrevistas terminou, em junho do ano passado, o apresentador <b>nunca escondeu a vontade de regressar a esse formato<\/b>, tendo voltado a refor\u00e7ar essa ambi\u00e7\u00e3o numa entrevista recente \u00e0 &#8216;Nova Gente&#8217;.&#13;\n    <\/p>\n<p class=\"\">&#13;<br \/>\n        Ora o diretor-geral da esta\u00e7\u00e3o de Queluz de Baixo j\u00e1 respondeu, tamb\u00e9m ele atrav\u00e9s de uma revista&#8230; <b>e n\u00e3o foi &#8216;meiguinho&#8217;.<\/b>&#13;\n    <\/p>\n<p class=\"\">&#13;<br \/>\n        &#8220;O Manuel Lu\u00eds \u00e9 muito persistente, mas <b>eu j\u00e1 lhe disse que n\u00e3o precisa de mandar recados pela imprensa<\/b>&#8220;, atirou Jos\u00e9 Eduardo Moniz, em entrevista \u00e0 &#8216;TV 7 Dias&#8217;.&#13;\n    <\/p>\n<p class=\"\">&#13;<br \/>\n        &#8220;N\u00f3s falamos repetidamente sobre esse assunto e sobre outros. O Manuel Lu\u00eds tem muito valor, tem um enorme talento e acho que ter\u00e1 a oportunidade de fazer tudo aquilo que gosta. Portanto, <b>\u00e9 preciso saber esperar, aguardar pelas oportunidades da programa\u00e7\u00e3o<\/b>, encontrar os s\u00edtios certos na grelha e, sobretudo, ver quais s\u00e3o as oportunidades mais corretas para as coisas acontecerem e a periodicidade que elas devem ter\u201d, continuou, travando assim a insist\u00eancia de Goucha de maneira firme.&#13;\n    <\/p>\n<p class=\"\">&#13;<br \/>\n        Recorde-se que\u00a0o programa &#8216;Goucha&#8217;, em que o apresentador se tornava no grande anfitri\u00e3o das tardes da TVI para conversas com diversos rostos da sociedade portuguesa, foi uma &#8216;inven\u00e7\u00e3o&#8217; de Cristina Ferreira que, assim que voltou \u00e0 esta\u00e7\u00e3o, estabeleceu em grelha uma s\u00e9rie de programas de assinatura.&#13;\n    <\/p>\n<p class=\"\">&#13;<br \/>\n        <b>A ideia de acabar com o programa, no ano passado, partiu precisamente de Jos\u00e9 Eduardo Moniz<\/b>, que tem tomado as r\u00e9deas da esta\u00e7\u00e3o, estando nas suas m\u00e3os as principais decis\u00f5es relativas \u00e0 \u00e1rea de entretenimento, com Cristina Ferreira a assumir como que um papel secund\u00e1rio na estrutura diretiva. &#13;\n    <\/p>\n<p class=\"\">&#13;<br \/>\n        Na tentativa de fazer mexer as audi\u00eancias mornas das tardes de TVI, Moniz decidiu que era tempo de trazer alguma frescura e acabar com um formato que j\u00e1 est\u00e1 muito visto em todos os canais e que passa muitas vezes por entrevistar figuras conhecidas, abordar temas pol\u00e9micos e confront\u00e1-las com surpresas de familiares e amigos.&#13;\n    <\/p>\n<p>        &#13;<br \/>\n            Saber mais sobre&#13;<br \/>\n            &#13;<br \/>\n            &#13;<\/p>\n<p>    &#13;<br \/>\n        &#13;<br \/>\n        &#13;<br \/>\n&#13;<\/p>\n","protected":false},"excerpt":{"rendered":"&#13; Jos\u00e9 Eduardo Moniz reagiu \u00e0s declara\u00e7\u00f5es de Manuel Lu\u00eds Goucha sobre o seu futuro na TVI.&#13; &#13;&hellip;\n","protected":false},"author":2,"featured_media":231435,"comment_status":"","ping_status":"","sticky":false,"template":"","format":"standard","meta":{"footnotes":""},"categories":[145],"tags":[211,210,166,114,115,2527,3416,32,33,218,162],"class_list":{"0":"post-231434","1":"post","2":"type-post","3":"status-publish","4":"format-standard","5":"has-post-thumbnail","7":"category-celebridades","8":"tag-celebridades","9":"tag-celebrities","10":"tag-cristina-ferreira","11":"tag-entertainment","12":"tag-entretenimento","13":"tag-jose-eduardo-moniz","14":"tag-manuel-luis-goucha","15":"tag-portugal","16":"tag-pt","17":"tag-televisao","18":"tag-tvi"},"share_on_mastodon":{"url":"https:\/\/pubeurope.com\/@pt\/115904981384538302","error":""},"_links":{"self":[{"href":"https:\/\/www.europesays.com\/pt\/wp-json\/wp\/v2\/posts\/231434","targetHints":{"allow":["GET"]}}],"collection":[{"href":"https:\/\/www.europesays.com\/pt\/wp-json\/wp\/v2\/posts"}],"about":[{"href":"https:\/\/www.europesays.com\/pt\/wp-json\/wp\/v2\/types\/post"}],"author":[{"embeddable":true,"href":"https:\/\/www.europesays.com\/pt\/wp-json\/wp\/v2\/users\/2"}],"replies":[{"embeddable":true,"href":"https:\/\/www.europesays.com\/pt\/wp-json\/wp\/v2\/comments?post=231434"}],"version-history":[{"count":0,"href":"https:\/\/www.europesays.com\/pt\/wp-json\/wp\/v2\/posts\/231434\/revisions"}],"wp:featuredmedia":[{"embeddable":true,"href":"https:\/\/www.europesays.com\/pt\/wp-json\/wp\/v2\/media\/231435"}],"wp:attachment":[{"href":"https:\/\/www.europesays.com\/pt\/wp-json\/wp\/v2\/media?parent=231434"}],"wp:term":[{"taxonomy":"category","embeddable":true,"href":"https:\/\/www.europesays.com\/pt\/wp-json\/wp\/v2\/categories?post=231434"},{"taxonomy":"post_tag","embeddable":true,"href":"https:\/\/www.europesays.com\/pt\/wp-json\/wp\/v2\/tags?post=231434"}],"curies":[{"name":"wp","href":"https:\/\/api.w.org\/{rel}","templated":true}]}}