{"id":231436,"date":"2026-01-16T13:22:09","date_gmt":"2026-01-16T13:22:09","guid":{"rendered":"https:\/\/www.europesays.com\/pt\/231436\/"},"modified":"2026-01-16T13:22:09","modified_gmt":"2026-01-16T13:22:09","slug":"resumo-a-heranca-marta-recorda-ataque-de-amanda","status":"publish","type":"post","link":"https:\/\/www.europesays.com\/pt\/231436\/","title":{"rendered":"Resumo &#8216;A Heran\u00e7a&#8217;: Marta recorda ataque de Amanda"},"content":{"rendered":"<p>A namorada de Heitor levou uma inje\u00e7\u00e3o de Amanda que a deixou inconsciente.<\/p>\n<p><img decoding=\"async\" fetchpriority=\"high\" src=\"https:\/\/www.europesays.com\/pt\/wp-content\/uploads\/2026\/01\/1768569729_329_original.webp\" alt=\"Resumo 'A Heran\u00e7a': Marta recorda ataque de Amanda\"\/><\/p>\n<p style=\"text-align: center;\">16 de janeiro (sexta-feira)<\/p>\n<p style=\"text-align: justify;\"><strong>Marta come\u00e7a a ter flashbacks da noite passada e recorda o momento em que Amanda lhe d\u00e1 uma inje\u00e7\u00e3o. Joca, preocupado, tenta perceber o que se passa com a irm\u00e3. Luc\u00edlia chega a casa e reclama por estar atrasada para o trabalho. Nando tenta aproximar-se dela, mas Luc\u00edlia afasta-o.<\/strong><\/p>\n<p style=\"text-align: justify;\">Sofia e Gon\u00e7alo temem o plano de vingan\u00e7a de Vicente. O filho de Augusto acredita que o v\u00e3o conseguir derrotar quando a conversa \u00e9 interrompida por Diana. A secret\u00e1ria informa que um representante de uma empresa finlandesa quer marcar uma reuni\u00e3o com Sofia. Gon\u00e7alo elogia-a pelo neg\u00f3cio estar a correr bem.<\/p>\n<p style=\"text-align: justify;\">Pedro explica a Mariana que quer ficar em casa de In\u00eas, por mais uns tempos, pois teme pela sua seguran\u00e7a de Lu\u00eds. Pedro pede-lhe que n\u00e3o o obrigue a escolher, mas Mariana mostra-se irritada e sai.<\/p>\n<p style=\"text-align: justify;\">A reuni\u00e3o termina. Joca entra para limpar o gabinete e encontra umas meias de Vera. A estagi\u00e1ria fica tensa, mas disfar\u00e7a. Assim que Bernardo e Vera saem, Joca aproveita para falar com Rafael sobre a irm\u00e3.<\/p>\n<p style=\"text-align: justify;\"><strong>No caf\u00e9, Ot\u00e1vio e Jacinto fazem apostas sobre as equipas do &#8216;quiz&#8217; e acabam a provocar-se um ao outro. Beatriz conta a F\u00e9lix que apresentou queixa contra Cl\u00e1udia.<\/strong><\/p>\n<p style=\"text-align: justify;\">Cl\u00e1udia est\u00e1 furiosa com a queixa de F\u00e9lix e tenta falar com Clara, mas sem sucesso. A agente menciona que por pouco ia agredindo Vicente e n\u00e3o se mostra dispon\u00edvel para resolver mais assuntos. Cl\u00e1udia percebe que a irm\u00e3 tamb\u00e9m n\u00e3o se esfor\u00e7a para a ajudar e fica ainda mais irritada.<\/p>\n<p style=\"text-align: justify;\"><strong>Marta confronta Heitor sobre o que se passou na noite passada e descobre toda a verdade. A irm\u00e3 de Joca fica muito perturbada e foge para a rua. Heitor fica frustrado.<\/strong><\/p>\n<p style=\"text-align: justify;\">Bernardo pergunta \u00e0 m\u00e3e qual a raz\u00e3o para instalar c\u00e2maras de vigil\u00e2ncia pela herdade. Pilar responde que est\u00e1 a proteger a fam\u00edlia e deixa-o desconfiado.<\/p>\n<p style=\"text-align: justify;\"><strong>Vicente impede Cl\u00e1udia de ir \u00e0 cozinha para que ela n\u00e3o descubra o que planeia. A irm\u00e3 de Susana est\u00e1 furiosa com a queixa de F\u00e9lix e tem uma ideia ao lembrar-se que ele namora com Beatriz. Cl\u00e1udia tenta convenc\u00ea-lo a juntar-se ao plano.<\/strong><\/p>\n<p style=\"text-align: justify;\"><strong>Sofia sonda Clara sobre o que poder\u00e1 ter sido encontrado no carro de Vicente. A agente repara na sua atitude e questiona-a se esteve envolvida na morte de Am\u00e9lia. Sofia fica tensa e menciona que s\u00f3 queria que o vil\u00e3o confessasse os seus crimes.<\/strong><\/p>\n<p style=\"text-align: justify;\"><strong>Beatriz conversa com Heitor sobre Vicente quando Amanda chega ao restaurante. As duas confrontam-se e Beatriz insinua que ela anda a fazer recados a Vicente. Heitor tenta separ\u00e1-las.<\/strong><\/p>\n<p style=\"text-align: left;\">*O resumo do epis\u00f3dio est\u00e1 sujeito a mudan\u00e7as em fun\u00e7\u00e3o da edi\u00e7\u00e3o da novela<\/p>\n","protected":false},"excerpt":{"rendered":"A namorada de Heitor levou uma inje\u00e7\u00e3o de Amanda que a deixou inconsciente. 16 de janeiro (sexta-feira) Marta&hellip;\n","protected":false},"author":2,"featured_media":231437,"comment_status":"","ping_status":"","sticky":false,"template":"","format":"standard","meta":{"footnotes":""},"categories":[142],"tags":[114,115,32,33,151],"class_list":{"0":"post-231436","1":"post","2":"type-post","3":"status-publish","4":"format-standard","5":"has-post-thumbnail","7":"category-tv","8":"tag-entertainment","9":"tag-entretenimento","10":"tag-portugal","11":"tag-pt","12":"tag-tv"},"share_on_mastodon":{"url":"https:\/\/pubeurope.com\/@pt\/115904993315347463","error":""},"_links":{"self":[{"href":"https:\/\/www.europesays.com\/pt\/wp-json\/wp\/v2\/posts\/231436","targetHints":{"allow":["GET"]}}],"collection":[{"href":"https:\/\/www.europesays.com\/pt\/wp-json\/wp\/v2\/posts"}],"about":[{"href":"https:\/\/www.europesays.com\/pt\/wp-json\/wp\/v2\/types\/post"}],"author":[{"embeddable":true,"href":"https:\/\/www.europesays.com\/pt\/wp-json\/wp\/v2\/users\/2"}],"replies":[{"embeddable":true,"href":"https:\/\/www.europesays.com\/pt\/wp-json\/wp\/v2\/comments?post=231436"}],"version-history":[{"count":0,"href":"https:\/\/www.europesays.com\/pt\/wp-json\/wp\/v2\/posts\/231436\/revisions"}],"wp:featuredmedia":[{"embeddable":true,"href":"https:\/\/www.europesays.com\/pt\/wp-json\/wp\/v2\/media\/231437"}],"wp:attachment":[{"href":"https:\/\/www.europesays.com\/pt\/wp-json\/wp\/v2\/media?parent=231436"}],"wp:term":[{"taxonomy":"category","embeddable":true,"href":"https:\/\/www.europesays.com\/pt\/wp-json\/wp\/v2\/categories?post=231436"},{"taxonomy":"post_tag","embeddable":true,"href":"https:\/\/www.europesays.com\/pt\/wp-json\/wp\/v2\/tags?post=231436"}],"curies":[{"name":"wp","href":"https:\/\/api.w.org\/{rel}","templated":true}]}}