{"id":231442,"date":"2026-01-16T13:25:08","date_gmt":"2026-01-16T13:25:08","guid":{"rendered":"https:\/\/www.europesays.com\/pt\/231442\/"},"modified":"2026-01-16T13:25:08","modified_gmt":"2026-01-16T13:25:08","slug":"enzo-barrenechea-insulta-f-c-porto-nas-redes-sociais","status":"publish","type":"post","link":"https:\/\/www.europesays.com\/pt\/231442\/","title":{"rendered":"Enzo Barrenechea insulta F. C. Porto nas redes sociais"},"content":{"rendered":"<p data-remotead-prev-elm=\"true\" data-remotead-elm-id=\"inread\">&#8220;HDMP [filhos de mil p&#8230;, em tradu\u00e7\u00e3o literal do espanhol] Vemo-nos em breve&#8221;, pode ler-se numa publica\u00e7\u00e3o no Instagram do m\u00e9dio argentino, na qual surge numa imagem do cl\u00e1ssico do campeonato entre as duas equipas.<\/p>\n<p>Numa outra, Barrenechea mostra-se num duelo com Samu, avan\u00e7ado do F. C. Porto que esteve num momento quente com Pavlidis, mostrando-lhe o s\u00edmbolo do clube e rejeitando um cumprimento do grego.<\/p>\n<p><img decoding=\"async\" class=\"ngx-body\" guid=\"42257f87-19dd-4a59-be0b-5d28ae9a120c\" src=\"https:\/\/www.europesays.com\/pt\/wp-content\/uploads\/2026\/01\/1768569907_245_image.webp.webp\" width=\"100%\"\/><img decoding=\"async\" class=\"ngx-body\" guid=\"97e260e5-b924-4aec-a9ee-257b86721225\" src=\"https:\/\/www.europesays.com\/pt\/wp-content\/uploads\/2026\/01\/1768569908_82_image.webp.webp\" width=\"100%\"\/><\/p>\n","protected":false},"excerpt":{"rendered":"&#8220;HDMP [filhos de mil p&#8230;, em tradu\u00e7\u00e3o literal do espanhol] Vemo-nos em breve&#8221;, pode ler-se numa publica\u00e7\u00e3o no&hellip;\n","protected":false},"author":2,"featured_media":231443,"comment_status":"","ping_status":"","sticky":false,"template":"","format":"standard","meta":{"footnotes":""},"categories":[87],"tags":[51,135,20558,524,32,33,134],"class_list":{"0":"post-231442","1":"post","2":"type-post","3":"status-publish","4":"format-standard","5":"has-post-thumbnail","7":"category-desporto","8":"tag-benfica","9":"tag-desporto","10":"tag-f-c-porto","11":"tag-futebol","12":"tag-portugal","13":"tag-pt","14":"tag-sports"},"share_on_mastodon":{"url":"https:\/\/pubeurope.com\/@pt\/115905005120711569","error":""},"_links":{"self":[{"href":"https:\/\/www.europesays.com\/pt\/wp-json\/wp\/v2\/posts\/231442","targetHints":{"allow":["GET"]}}],"collection":[{"href":"https:\/\/www.europesays.com\/pt\/wp-json\/wp\/v2\/posts"}],"about":[{"href":"https:\/\/www.europesays.com\/pt\/wp-json\/wp\/v2\/types\/post"}],"author":[{"embeddable":true,"href":"https:\/\/www.europesays.com\/pt\/wp-json\/wp\/v2\/users\/2"}],"replies":[{"embeddable":true,"href":"https:\/\/www.europesays.com\/pt\/wp-json\/wp\/v2\/comments?post=231442"}],"version-history":[{"count":0,"href":"https:\/\/www.europesays.com\/pt\/wp-json\/wp\/v2\/posts\/231442\/revisions"}],"wp:featuredmedia":[{"embeddable":true,"href":"https:\/\/www.europesays.com\/pt\/wp-json\/wp\/v2\/media\/231443"}],"wp:attachment":[{"href":"https:\/\/www.europesays.com\/pt\/wp-json\/wp\/v2\/media?parent=231442"}],"wp:term":[{"taxonomy":"category","embeddable":true,"href":"https:\/\/www.europesays.com\/pt\/wp-json\/wp\/v2\/categories?post=231442"},{"taxonomy":"post_tag","embeddable":true,"href":"https:\/\/www.europesays.com\/pt\/wp-json\/wp\/v2\/tags?post=231442"}],"curies":[{"name":"wp","href":"https:\/\/api.w.org\/{rel}","templated":true}]}}