{"id":231446,"date":"2026-01-16T13:29:07","date_gmt":"2026-01-16T13:29:07","guid":{"rendered":"https:\/\/www.europesays.com\/pt\/231446\/"},"modified":"2026-01-16T13:29:07","modified_gmt":"2026-01-16T13:29:07","slug":"neerlandeses-compram-portuguesa-softstore-tecnologias","status":"publish","type":"post","link":"https:\/\/www.europesays.com\/pt\/231446\/","title":{"rendered":"Neerlandeses compram portuguesa Softstore &#8211; Tecnologias"},"content":{"rendered":"<p class=\"\">&#13;<br \/>\n        Fundada h\u00e1 mais de uma d\u00e9cada, a Softstore acaba de ser adquirida pela multinacional Companial, que se apresenta ao mercado como o principal fornecedor de servi\u00e7os de intelig\u00eancia artificial (IA) para Microsoft Dynamics.&#13;\n    <\/p>\n<p class=\"\">&#13;<br \/>\n        A tecnol\u00f3gica com sede em Lisboa era detida, em partes iguais, pelos portugueses Arquiconsult, Hydra IT, Maypartner e Lu\u00eds Sousa, CEO da Softstore, que ir\u00e1 manter-se no cargo.&#13;\n    <\/p>\n<p class=\"\">&#13;<br \/>\n        \u201cA Softstore mudar\u00e1 de nome para Companial e eu serei o diretor de opera\u00e7\u00f5es da Companial em Portugal\u201d, revelou o gestor ao Neg\u00f3cios.&#13;\n    <\/p>\n<p class=\"\">&#13;<br \/>\n        Sem detalhar o valor da transa\u00e7\u00e3o, Lu\u00eds Sousa adiantou que a Softstore, que \u00e9 \u201co principal parceiro de localiza\u00e7\u00e3o do Microsoft Dynamics 365 Business Central (BC) em Portugal, atuando tanto no mercado SaaS como \u2018On-Premise\u2019\u201d, fechou o exerc\u00edcio de 2025 com uma fatura\u00e7\u00e3o da ordem dos 3,6 milh\u00f5es de euros, contra 3,5 milh\u00f5es registados no ano anterior.&#13;\n    <\/p>\n<p class=\"\">&#13;<br \/>\n        \u201cAcreditamos que esta aquisi\u00e7\u00e3o trar\u00e1 benef\u00edcios significativos \u00e0 nossa comunidade de parceiros em Portugal. Ao unirmos for\u00e7as com a Companial, conseguimos disponibilizar ainda mais apoio e recursos aos nossos parceiros\u201d, real\u00e7ou o CEO da Softstore, que lidera uma equipa de oito profissionais.\u00a0&#13;\n    <\/p>\n<p class=\"\">&#13;<br \/>\n        Em comunicado, a multinacional destaca que, atrav\u00e9s desta aquisi\u00e7\u00e3o, \u201ca Companial e a Softstore passam a oferecer um suporte mais abrangente \u00e0 comunidade local de parceiros, disponibilizando uma vasta gama de servi\u00e7os concebidos para ajudar os parceiros portugueses a escalar os seus neg\u00f3cios de forma mais r\u00e1pida\u201d.&#13;\n    <\/p>\n<p class=\"\">&#13;<br \/>\n        A Softstore, que iniciou este percurso ao reunir um cons\u00f3rcio dos \u201ctr\u00eas maiores parceiros portugueses de BC\u201d (a Arquiconsult, a Hydra IT e a Maypartner\u201d, o seu seu objetivo \u201cera desenvolver, em conjunto, uma solu\u00e7\u00e3o de localiza\u00e7\u00e3o BC de elevada qualidade para as empresas portuguesas\u201d.&#13;\n    <\/p>\n<p class=\"\">&#13;<br \/>\n        Especializada na localiza\u00e7\u00e3o e certifica\u00e7\u00e3o do Microsoft Dynamics 365 Business Central para Portugal, a Softstore est\u00e1 dedicada exclusivamente \u00e0 adapta\u00e7\u00e3o desta solu\u00e7\u00e3o aos requisitos legais, fiscais e operacionais do mercado nacional\u201d.&#13;\n    <\/p>\n<p class=\"\">&#13;<br \/>\n        \u201cCom esta aquisi\u00e7\u00e3o, a Companial deu um passo significativo no refor\u00e7o das suas capacidades de localiza\u00e7\u00e3o, permitindo disponibilizar licen\u00e7as BC enriquecidas \u00e0 comunidade de parceiros\u201d, rematou Rob Idink, CEO da Companial, que diz apoiar \u201cmais de mil parceiros Dynamics em mais de 40 pa\u00edses em todo o mundo\u201d.&#13;\n    <\/p>\n<p class=\"\">&#13;<br \/>\n        (Not\u00edcia atualizada \u00e0s 11:21)&#13;\n    <\/p>\n","protected":false},"excerpt":{"rendered":"&#13; Fundada h\u00e1 mais de uma d\u00e9cada, a Softstore acaba de ser adquirida pela multinacional Companial, que se&hellip;\n","protected":false},"author":2,"featured_media":231447,"comment_status":"","ping_status":"","sticky":false,"template":"","format":"standard","meta":{"footnotes":""},"categories":[83],"tags":[88,89,90,32,33],"class_list":{"0":"post-231446","1":"post","2":"type-post","3":"status-publish","4":"format-standard","5":"has-post-thumbnail","7":"category-empresas","8":"tag-business","9":"tag-economy","10":"tag-empresas","11":"tag-portugal","12":"tag-pt"},"share_on_mastodon":{"url":"https:\/\/pubeurope.com\/@pt\/115905020736149840","error":""},"_links":{"self":[{"href":"https:\/\/www.europesays.com\/pt\/wp-json\/wp\/v2\/posts\/231446","targetHints":{"allow":["GET"]}}],"collection":[{"href":"https:\/\/www.europesays.com\/pt\/wp-json\/wp\/v2\/posts"}],"about":[{"href":"https:\/\/www.europesays.com\/pt\/wp-json\/wp\/v2\/types\/post"}],"author":[{"embeddable":true,"href":"https:\/\/www.europesays.com\/pt\/wp-json\/wp\/v2\/users\/2"}],"replies":[{"embeddable":true,"href":"https:\/\/www.europesays.com\/pt\/wp-json\/wp\/v2\/comments?post=231446"}],"version-history":[{"count":0,"href":"https:\/\/www.europesays.com\/pt\/wp-json\/wp\/v2\/posts\/231446\/revisions"}],"wp:featuredmedia":[{"embeddable":true,"href":"https:\/\/www.europesays.com\/pt\/wp-json\/wp\/v2\/media\/231447"}],"wp:attachment":[{"href":"https:\/\/www.europesays.com\/pt\/wp-json\/wp\/v2\/media?parent=231446"}],"wp:term":[{"taxonomy":"category","embeddable":true,"href":"https:\/\/www.europesays.com\/pt\/wp-json\/wp\/v2\/categories?post=231446"},{"taxonomy":"post_tag","embeddable":true,"href":"https:\/\/www.europesays.com\/pt\/wp-json\/wp\/v2\/tags?post=231446"}],"curies":[{"name":"wp","href":"https:\/\/api.w.org\/{rel}","templated":true}]}}