{"id":231450,"date":"2026-01-16T13:33:17","date_gmt":"2026-01-16T13:33:17","guid":{"rendered":"https:\/\/www.europesays.com\/pt\/231450\/"},"modified":"2026-01-16T13:33:17","modified_gmt":"2026-01-16T13:33:17","slug":"artista-incendeia-as-redes-com-fotos-ineditas-de-festa-selvagem-pos-globo-de-ouro","status":"publish","type":"post","link":"https:\/\/www.europesays.com\/pt\/231450\/","title":{"rendered":"Artista incendeia as redes com fotos &#8216;in\u00e9ditas&#8217; de festa selvagem p\u00f3s-Globo de Ouro"},"content":{"rendered":"\n<p class=\" content-text__container \" data-track-category=\"Link no Texto\" data-track-links=\"\"> As fotos trazem uma sele\u00e7\u00e3o de famosos que incluem nomes como os de Timoth\u00e9e Chalamet, Leonardo DiCaprio, Jennifer Lopez, Jacob Elordi, Teyana Taylor, Michael B. Jordan e Ariana Grande no Chateau Marmont, em Los Angeles, celebrando uma festa daquelas ap\u00f3s o Globo de Ouro. Mas a a\u00e7\u00e3o \u00e9 para l\u00e1 de surreal: Chalamet aparece montado nas costas de DiCaprio para depois comemorar seu pr\u00eamio pendurado em um lustre do local. <\/p>\n","protected":false},"excerpt":{"rendered":"As fotos trazem uma sele\u00e7\u00e3o de famosos que incluem nomes como os de Timoth\u00e9e Chalamet, Leonardo DiCaprio, Jennifer&hellip;\n","protected":false},"author":2,"featured_media":231451,"comment_status":"","ping_status":"","sticky":false,"template":"","format":"standard","meta":{"footnotes":""},"categories":[145],"tags":[211,210,114,115,32,33],"class_list":{"0":"post-231450","1":"post","2":"type-post","3":"status-publish","4":"format-standard","5":"has-post-thumbnail","7":"category-celebridades","8":"tag-celebridades","9":"tag-celebrities","10":"tag-entertainment","11":"tag-entretenimento","12":"tag-portugal","13":"tag-pt"},"share_on_mastodon":{"url":"https:\/\/pubeurope.com\/@pt\/115905036473973206","error":""},"_links":{"self":[{"href":"https:\/\/www.europesays.com\/pt\/wp-json\/wp\/v2\/posts\/231450","targetHints":{"allow":["GET"]}}],"collection":[{"href":"https:\/\/www.europesays.com\/pt\/wp-json\/wp\/v2\/posts"}],"about":[{"href":"https:\/\/www.europesays.com\/pt\/wp-json\/wp\/v2\/types\/post"}],"author":[{"embeddable":true,"href":"https:\/\/www.europesays.com\/pt\/wp-json\/wp\/v2\/users\/2"}],"replies":[{"embeddable":true,"href":"https:\/\/www.europesays.com\/pt\/wp-json\/wp\/v2\/comments?post=231450"}],"version-history":[{"count":0,"href":"https:\/\/www.europesays.com\/pt\/wp-json\/wp\/v2\/posts\/231450\/revisions"}],"wp:featuredmedia":[{"embeddable":true,"href":"https:\/\/www.europesays.com\/pt\/wp-json\/wp\/v2\/media\/231451"}],"wp:attachment":[{"href":"https:\/\/www.europesays.com\/pt\/wp-json\/wp\/v2\/media?parent=231450"}],"wp:term":[{"taxonomy":"category","embeddable":true,"href":"https:\/\/www.europesays.com\/pt\/wp-json\/wp\/v2\/categories?post=231450"},{"taxonomy":"post_tag","embeddable":true,"href":"https:\/\/www.europesays.com\/pt\/wp-json\/wp\/v2\/tags?post=231450"}],"curies":[{"name":"wp","href":"https:\/\/api.w.org\/{rel}","templated":true}]}}