{"id":231452,"date":"2026-01-16T13:36:09","date_gmt":"2026-01-16T13:36:09","guid":{"rendered":"https:\/\/www.europesays.com\/pt\/231452\/"},"modified":"2026-01-16T13:36:09","modified_gmt":"2026-01-16T13:36:09","slug":"vem-ai-em-terra-forte-cobra-comete-um-deslize-e-fica-nas-maos-de-caio-novelas","status":"publish","type":"post","link":"https:\/\/www.europesays.com\/pt\/231452\/","title":{"rendered":"Vem a\u00ed em \u00abTerra Forte\u00bb: Cobra comete um deslize e fica nas m\u00e3os de Caio &#8211; Novelas"},"content":{"rendered":"<p>Em \u00abTerra Forte\u00bb, <a href=\"https:\/\/tvi.iol.pt\/novelas\/videos\/terra-forte-maria-de-fatima-e-cobra-sao-cumplices-em-varios-crimes\/6900dcc00cf29d28d82991f2\" rel=\"nofollow noopener\" target=\"_blank\">Cobra (Ricardo Burgos)<\/a>\u00a0diz a \u00a0<strong data-end=\"1290\" data-start=\"1220\"><a href=\"https:\/\/tvi.iol.pt\/novelas\/ator\/maria-de-fatima\/68ee548bd34ee0c2fed13d9c\" rel=\"nofollow noopener\" target=\"_blank\">Maria de F\u00e1tima (Rita Pereira)<\/a><\/strong> n\u00e3o se importar que ela se tenha envolvido com <a href=\"https:\/\/tvi.iol.pt\/novelas\/videos\/terra-forte-caio-deixa-maria-de-fatima-rendida\/695bfd530cf28fe4304aaf39\" rel=\"nofollow noopener\" target=\"_blank\">Caio (Bruno Cabrerizo)<\/a>, referindo que ela sabe que sempre houve liberdade entre eles. Cobra aconselha Maria de F\u00e1tima a chantagear Flor com o v\u00eddeo, dizendo achar que ela vai so\u00e7obrar a fazer tudo que ela quiser por n\u00e3o querer perder <a href=\"https:\/\/tvi.iol.pt\/novelas\/ator\/antonio\/68ee5b98d34e58bc6796e13a\" rel=\"nofollow noopener\" target=\"_blank\">Ant\u00f3nio (Jo\u00e3o Catarr\u00e9)<\/a>. Maria de F\u00e1tima assente, dizendo j\u00e1 ter uma ideia em mente.<\/p>\n<p>Caio diz a Cobra achar que ele o quer longe agora que Maria de F\u00e1tima tem a chance de ficar com tudo sem dividir nada com <a href=\"https:\/\/tvi.iol.pt\/novelas\/videos\/terra-forte-no-dia-do-seu-aniversario-flor-recebe-uma-visita-inesperada\/68f65c7a0cf29d28d82976c8\" rel=\"nofollow noopener\" target=\"_blank\">Flor (Benedita Pereira)<\/a>, amea\u00e7ando contar-lhe que foi ele quem o fez aparecer ali se ele o tentar afastar. Cobra olha-o fulo.<\/p>\n<p>Recorde-se que tudo come\u00e7ou com um plano de Cobra:<\/p>\n","protected":false},"excerpt":{"rendered":"Em \u00abTerra Forte\u00bb, Cobra (Ricardo Burgos)\u00a0diz a \u00a0Maria de F\u00e1tima (Rita Pereira) n\u00e3o se importar que ela se&hellip;\n","protected":false},"author":2,"featured_media":231453,"comment_status":"","ping_status":"","sticky":false,"template":"","format":"standard","meta":{"footnotes":""},"categories":[142],"tags":[160,41096,3371,12623,166,114,115,157,167,164,161,158,165,159,32,33,156,31381,18614,163,151,162],"class_list":{"0":"post-231452","1":"post","2":"type-post","3":"status-publish","4":"format-standard","5":"has-post-thumbnail","7":"category-tv","8":"tag-ana-guiomar","9":"tag-bruno-cabrerizo","10":"tag-caio","11":"tag-cobra","12":"tag-cristina-ferreira","13":"tag-entertainment","14":"tag-entretenimento","15":"tag-festa-e-festa","16":"tag-ficcao","17":"tag-jose-fidalgo","18":"tag-novelas","19":"tag-para-sempre","20":"tag-pedro-sousa","21":"tag-pedro-teixeira","22":"tag-portugal","23":"tag-pt","24":"tag-queridos-papas","25":"tag-ricardo-burgos","26":"tag-terra-forte","27":"tag-tiago-teotonio-pereira","28":"tag-tv","29":"tag-tvi"},"share_on_mastodon":{"url":"https:\/\/pubeurope.com\/@pt\/115905048238930249","error":""},"_links":{"self":[{"href":"https:\/\/www.europesays.com\/pt\/wp-json\/wp\/v2\/posts\/231452","targetHints":{"allow":["GET"]}}],"collection":[{"href":"https:\/\/www.europesays.com\/pt\/wp-json\/wp\/v2\/posts"}],"about":[{"href":"https:\/\/www.europesays.com\/pt\/wp-json\/wp\/v2\/types\/post"}],"author":[{"embeddable":true,"href":"https:\/\/www.europesays.com\/pt\/wp-json\/wp\/v2\/users\/2"}],"replies":[{"embeddable":true,"href":"https:\/\/www.europesays.com\/pt\/wp-json\/wp\/v2\/comments?post=231452"}],"version-history":[{"count":0,"href":"https:\/\/www.europesays.com\/pt\/wp-json\/wp\/v2\/posts\/231452\/revisions"}],"wp:featuredmedia":[{"embeddable":true,"href":"https:\/\/www.europesays.com\/pt\/wp-json\/wp\/v2\/media\/231453"}],"wp:attachment":[{"href":"https:\/\/www.europesays.com\/pt\/wp-json\/wp\/v2\/media?parent=231452"}],"wp:term":[{"taxonomy":"category","embeddable":true,"href":"https:\/\/www.europesays.com\/pt\/wp-json\/wp\/v2\/categories?post=231452"},{"taxonomy":"post_tag","embeddable":true,"href":"https:\/\/www.europesays.com\/pt\/wp-json\/wp\/v2\/tags?post=231452"}],"curies":[{"name":"wp","href":"https:\/\/api.w.org\/{rel}","templated":true}]}}