{"id":231454,"date":"2026-01-16T13:38:07","date_gmt":"2026-01-16T13:38:07","guid":{"rendered":"https:\/\/www.europesays.com\/pt\/231454\/"},"modified":"2026-01-16T13:38:07","modified_gmt":"2026-01-16T13:38:07","slug":"marvel-tera-2-atores-interpretando-o-wolverine-apos-vingadores-6","status":"publish","type":"post","link":"https:\/\/www.europesays.com\/pt\/231454\/","title":{"rendered":"Marvel ter\u00e1 2 atores interpretando o Wolverine ap\u00f3s Vingadores 6"},"content":{"rendered":"<p>A pr\u00f3xima grande saga da MCU dever\u00e1 come\u00e7ar logo ap\u00f3s os eventos de Vingadores: Guerras Secretas (2027) e ser\u00e1 focada nos Mutantes. Um filme dos X-Men, inclusive, j\u00e1 est\u00e1 em desenvolvimento para estrear nos pr\u00f3ximos anos.<\/p>\n<p>E, ao que tudo indica, o mutante mais famoso de todos os tempos ter\u00e1 um grande destaque nessa futura saga da Marvel. <\/p>\n<p>De acordo com o insider <a href=\"https:\/\/x.com\/JamesMackwl\/status\/2011798359393124674\" rel=\"nofollow\">James Mack<\/a>, o anti-her\u00f3i <a href=\"https:\/\/legadodamarvel.com.br\/tag\/wolverine\/\" rel=\"nofollow noopener\" target=\"_blank\">Logan\/Wolverine<\/a> contar\u00e1 com dois int\u00e9rpretes diferentes. Segundo Mack, esses dois Wolverines coexistir\u00e3o no novo universo reiniciado na pr\u00f3xima saga. <\/p>\n<p>Um dos Wolverines ser\u00e1 interpretado pelo eterno <strong><a href=\"https:\/\/legadodamarvel.com.br\/personalidade\/hugh-jackman\/\" rel=\"nofollow noopener\" target=\"_blank\">Hugh Jackman<\/a><\/strong>, que voltou a encarnar, agora na Marvel Studios, o seu anti-her\u00f3i em Deadpool &amp; Wolverine (2024).<\/p>\n<p>No entanto, Jackman n\u00e3o estar\u00e1 nessa saga como Wolverine, e sim como <a href=\"https:\/\/legadodamarvel.com.br\/tag\/velho-logan\/\" rel=\"nofollow noopener\" target=\"_blank\">Velho Logan<\/a>! O insider n\u00e3o soube informar se essa vers\u00e3o do her\u00f3i ser\u00e1 uma continua\u00e7\u00e3o do filme Logan ou se ser\u00e1 uma adapta\u00e7\u00e3o mais fiel do Velho Logan dos quadrinhos.<\/p>\n<p>\u00c9 mais prov\u00e1vel que seja a segunda op\u00e7\u00e3o, j\u00e1 que Jackman n\u00e3o quer mexer com o legado do filme de <strong>James Mangold<\/strong>.<\/p>\n<p>O outro Wolverine do MCU, que usar\u00e1 o alter ego Wolverine mesmo, far\u00e1 parte da equipe dos <a href=\"https:\/\/legadodamarvel.com.br\/tag\/x-men-mcu\/\" rel=\"nofollow noopener\" target=\"_blank\">X-Men<\/a> e ter\u00e1 um novo ator. Ainda n\u00e3o h\u00e1 informa\u00e7\u00f5es de quem poderia ser esse novo int\u00e9rprete do mutante das garras de adamantium.<\/p>\n<p>Novo filme do Wolverine<\/p>\n<p>Na semana passada, <a href=\"https:\/\/legadodamarvel.com.br\/wolverine-marvel-esta-produzindo-novo-filme-solo-do-personagem\/\" rel=\"nofollow noopener\" target=\"_blank\">noticiamos<\/a> que um filme solo do Wolverine estaria sendo produzido. Contudo, n\u00e3o foi informado se o longa, que dever\u00e1 ter classifica\u00e7\u00e3o para maiores de 18 anos, ser\u00e1 estrelado por Hugh Jackman ou por um novo ator.<\/p>\n<p>Agora, com essas novas informa\u00e7\u00f5es, \u00e9 mais plaus\u00edvel que o filme tenha Jackman como Wolverine, ou melhor, como Velho Logan.<\/p>\n<p>Os novos filmes dos X-Men e do Wolverine n\u00e3o t\u00eam previs\u00e3o de estreia.<\/p>\n<p><strong>LEIA MAIS!<\/strong><\/p>\n<p>Por fim, o que voc\u00ea acha de haver dois Wolverines no MCU? Comente abaixo e fique por dentro do\u00a0<strong>Legado da Marvel<\/strong>\u00a0para saber todas as novidades do universo marvete.<\/p>\n","protected":false},"excerpt":{"rendered":"A pr\u00f3xima grande saga da MCU dever\u00e1 come\u00e7ar logo ap\u00f3s os eventos de Vingadores: Guerras Secretas (2027) e&hellip;\n","protected":false},"author":2,"featured_media":231455,"comment_status":"","ping_status":"","sticky":false,"template":"","format":"standard","meta":{"footnotes":""},"categories":[140],"tags":[114,115,147,148,146,32,33],"class_list":{"0":"post-231454","1":"post","2":"type-post","3":"status-publish","4":"format-standard","5":"has-post-thumbnail","7":"category-filmes","8":"tag-entertainment","9":"tag-entretenimento","10":"tag-film","11":"tag-filmes","12":"tag-movies","13":"tag-portugal","14":"tag-pt"},"share_on_mastodon":{"url":"https:\/\/pubeurope.com\/@pt\/115905056134314534","error":""},"_links":{"self":[{"href":"https:\/\/www.europesays.com\/pt\/wp-json\/wp\/v2\/posts\/231454","targetHints":{"allow":["GET"]}}],"collection":[{"href":"https:\/\/www.europesays.com\/pt\/wp-json\/wp\/v2\/posts"}],"about":[{"href":"https:\/\/www.europesays.com\/pt\/wp-json\/wp\/v2\/types\/post"}],"author":[{"embeddable":true,"href":"https:\/\/www.europesays.com\/pt\/wp-json\/wp\/v2\/users\/2"}],"replies":[{"embeddable":true,"href":"https:\/\/www.europesays.com\/pt\/wp-json\/wp\/v2\/comments?post=231454"}],"version-history":[{"count":0,"href":"https:\/\/www.europesays.com\/pt\/wp-json\/wp\/v2\/posts\/231454\/revisions"}],"wp:featuredmedia":[{"embeddable":true,"href":"https:\/\/www.europesays.com\/pt\/wp-json\/wp\/v2\/media\/231455"}],"wp:attachment":[{"href":"https:\/\/www.europesays.com\/pt\/wp-json\/wp\/v2\/media?parent=231454"}],"wp:term":[{"taxonomy":"category","embeddable":true,"href":"https:\/\/www.europesays.com\/pt\/wp-json\/wp\/v2\/categories?post=231454"},{"taxonomy":"post_tag","embeddable":true,"href":"https:\/\/www.europesays.com\/pt\/wp-json\/wp\/v2\/tags?post=231454"}],"curies":[{"name":"wp","href":"https:\/\/api.w.org\/{rel}","templated":true}]}}