{"id":231465,"date":"2026-01-16T13:46:27","date_gmt":"2026-01-16T13:46:27","guid":{"rendered":"https:\/\/www.europesays.com\/pt\/231465\/"},"modified":"2026-01-16T13:46:27","modified_gmt":"2026-01-16T13:46:27","slug":"aviao-aterra-de-emergencia-por-causa-de-wifi-bomb-at-9-30-observador","status":"publish","type":"post","link":"https:\/\/www.europesays.com\/pt\/231465\/","title":{"rendered":"Avi\u00e3o aterra de emerg\u00eancia por causa de wifi &#8220;Bomb at 9.30&#8221; \u2013 Observador"},"content":{"rendered":"<p>Um avi\u00e3o proveniente Istambul teve de aterrar de emerg\u00eancia no aeroporto de Barcelona, esta quinta-feira, depois de um alerta de bomba dentro do aparelho, que afinal se revelou falso. A origem da confus\u00e3o foi uma rede wifi aberta que tinha como nome \u201cBomb at 9.30\u201d e que foi detetada pelo telem\u00f3vel de um dos 150 passageiros a bordo, <a href=\"https:\/\/elpais.com\/espana\/catalunya\/2026-01-15\/un-avion-procedente-de-turquia-aterriza-de-emergencia-en-barcelona-por-una-amenaza-de-explosivo.html\" target=\"_blank\" rel=\"noopener nofollow\">revela o espanhol El Pa\u00eds.<\/a><\/p>\n<p>O voo da Turkish Airlines saiu da capital turca pelas 9h e tinha previsto aterrar \u00e0s 11h. Contudo, quando sobrevoava o espa\u00e7o a\u00e9reo franc\u00eas, o alerta foi dado e os protocolos de seguran\u00e7a foram ativados. O plano de a\u00e7\u00e3o incluiu <strong>a ativa\u00e7\u00e3o de dois avi\u00f5es de combate do ex\u00e9rcito franc\u00eas<\/strong>, que escoltaram o avi\u00e3o da Turkish no ar at\u00e9 as pistas do El Prat. Quando o avi\u00e3o aterrou, os passageiros foram levados ao terminal do aeroporto enquanto a pol\u00edcia inspecionou a aeronave e descartou a presen\u00e7a de qualquer explosivo.<\/p>\n<p>De acordo com as fontes ouvidas pelo jornal espanhol, a origem da \u201cconfus\u00e3o\u201d estava numa rede wifi aberta proveniente do telem\u00f3vel de um dos passageiros. A rede chamava-se \u201cBomb at 9.30\u201d. Uma passageira viu o nome da rede no seu dispositivo e alertou os comiss\u00e1rios, que levaram o tema ao comandante, que declarou \u201cmayday\u201d \u2014 apesar de depois, enquanto o protocolo de seguran\u00e7a estava em execu\u00e7\u00e3o, o n\u00edvel de risco ter sido reduzido. Agora, a Guarda Civil espanhola investiga quem ser\u00e1 o autor do t\u00edtulo da rede wifi, que <strong>alguns acreditam ter sido uma piada.<\/strong><\/p>\n","protected":false},"excerpt":{"rendered":"Um avi\u00e3o proveniente Istambul teve de aterrar de emerg\u00eancia no aeroporto de Barcelona, esta quinta-feira, depois de um&hellip;\n","protected":false},"author":2,"featured_media":231466,"comment_status":"","ping_status":"","sticky":false,"template":"","format":"standard","meta":{"footnotes":""},"categories":[8],"tags":[1320,27,28,640,445,15,16,14,25,26,21,22,62,12,13,19,20,32,23,24,33,58,17,18,29,30,31],"class_list":{"0":"post-231465","1":"post","2":"type-post","3":"status-publish","4":"format-standard","5":"has-post-thumbnail","7":"category-principais-noticias","8":"tag-aviau00e7u00e3o","9":"tag-breaking-news","10":"tag-breakingnews","11":"tag-espanha","12":"tag-europa","13":"tag-featured-news","14":"tag-featurednews","15":"tag-headlines","16":"tag-latest-news","17":"tag-latestnews","18":"tag-main-news","19":"tag-mainnews","20":"tag-mundo","21":"tag-news","22":"tag-noticias","23":"tag-noticias-principais","24":"tag-noticiasprincipais","25":"tag-portugal","26":"tag-principais-noticias","27":"tag-principaisnoticias","28":"tag-pt","29":"tag-sociedade","30":"tag-top-stories","31":"tag-topstories","32":"tag-ultimas","33":"tag-ultimas-noticias","34":"tag-ultimasnoticias"},"share_on_mastodon":{"url":"https:\/\/pubeurope.com\/@pt\/115905087853941274","error":""},"_links":{"self":[{"href":"https:\/\/www.europesays.com\/pt\/wp-json\/wp\/v2\/posts\/231465","targetHints":{"allow":["GET"]}}],"collection":[{"href":"https:\/\/www.europesays.com\/pt\/wp-json\/wp\/v2\/posts"}],"about":[{"href":"https:\/\/www.europesays.com\/pt\/wp-json\/wp\/v2\/types\/post"}],"author":[{"embeddable":true,"href":"https:\/\/www.europesays.com\/pt\/wp-json\/wp\/v2\/users\/2"}],"replies":[{"embeddable":true,"href":"https:\/\/www.europesays.com\/pt\/wp-json\/wp\/v2\/comments?post=231465"}],"version-history":[{"count":0,"href":"https:\/\/www.europesays.com\/pt\/wp-json\/wp\/v2\/posts\/231465\/revisions"}],"wp:featuredmedia":[{"embeddable":true,"href":"https:\/\/www.europesays.com\/pt\/wp-json\/wp\/v2\/media\/231466"}],"wp:attachment":[{"href":"https:\/\/www.europesays.com\/pt\/wp-json\/wp\/v2\/media?parent=231465"}],"wp:term":[{"taxonomy":"category","embeddable":true,"href":"https:\/\/www.europesays.com\/pt\/wp-json\/wp\/v2\/categories?post=231465"},{"taxonomy":"post_tag","embeddable":true,"href":"https:\/\/www.europesays.com\/pt\/wp-json\/wp\/v2\/tags?post=231465"}],"curies":[{"name":"wp","href":"https:\/\/api.w.org\/{rel}","templated":true}]}}