{"id":231469,"date":"2026-01-16T13:48:11","date_gmt":"2026-01-16T13:48:11","guid":{"rendered":"https:\/\/www.europesays.com\/pt\/231469\/"},"modified":"2026-01-16T13:48:11","modified_gmt":"2026-01-16T13:48:11","slug":"cldf-anuncia-novo-concurso-de-fotografia-brasilia-sob-lentes","status":"publish","type":"post","link":"https:\/\/www.europesays.com\/pt\/231469\/","title":{"rendered":"CLDF anuncia novo concurso de fotografia \u201cBras\u00edlia Sob Lentes\u201d"},"content":{"rendered":"<p> CLDF anuncia novo concurso de fotografia \u201cBras\u00edlia Sob Lentes\u201d A iniciativa pretende estimular a educa\u00e7\u00e3o para a cidadania por meio da arte e da cultura, al\u00e9m de incentivar um olhar cr\u00edtico e sens\u00edvel sobre a capital federal <\/p>\n<p>A C\u00e2mara Legislativa do Distrito Federal instituiu, por meio do<strong>\u00a0<a href=\"https:\/\/www.cl.df.gov.br\/documents\/5744638\/35297378\/DCL+n%C2%BA+005%2C+de+12+de+janeiro+de+2026.pdf\/33385b4f-f887-f779-da1d-e897742a8776?version=1.0&amp;t=1767997096113\" target=\"_blank\" rel=\"nofollow noopener\">ato da segunda vice-presidente<\/a>, deputada<\/strong> <strong>Paula Belmonte<\/strong> (PSDB), publicado no Di\u00e1rio da C\u00e2mara Legislativa (DCL) no \u00faltimo dia 9, o concurso de fotografia \u201cBras\u00edlia Sob Lentes\u201d. A iniciativa pretende estimular a educa\u00e7\u00e3o para a cidadania por meio da arte e da cultura, al\u00e9m de incentivar um olhar cr\u00edtico e sens\u00edvel sobre a capital federal.<\/p>\n<p>Segundo o texto, o concurso ser\u00e1 aberto \u00e0 participa\u00e7\u00e3o da comunidade em geral, com categorias, crit\u00e9rios e prazos definidos em edital espec\u00edfico a ser divulgado. As fotografias selecionadas tamb\u00e9m ser\u00e3o premiadas conforme as regras estabelecidas.\u00a0<\/p>\n<p>O ato determina, ainda, que a Escola do Legislativo do Distrito Federal (Elegis) ser\u00e1 respons\u00e1vel por planejar, coordenar e executar o concurso, podendo firmar conv\u00eanios e acordos de coopera\u00e7\u00e3o com institui\u00e7\u00f5es p\u00fablicas e educacionais, tanto p\u00fablicas quanto privadas.<\/p>\n<p>Para a deputada Paula Belmonte, o projeto \u00e9 uma oportunidade de fortalecer o v\u00ednculo entre a CLDF e a sociedade, incentivando o pertencimento, a identidade e a participa\u00e7\u00e3o social. \u201cA fotografia \u00e9 uma poderosa ferramenta de express\u00e3o e cidadania. Com esse concurso, queremos aproximar a popula\u00e7\u00e3o da C\u00e2mara Legislativa e valorizar os m\u00faltiplos olhares sobre Bras\u00edlia\u201d, enfatiza a parlamentar.<\/p>\n<p>*Com informa\u00e7\u00f5es do gabinete da deputada Paula Belmonte (PSDB)<\/p>\n","protected":false},"excerpt":{"rendered":"CLDF anuncia novo concurso de fotografia \u201cBras\u00edlia Sob Lentes\u201d A iniciativa pretende estimular a educa\u00e7\u00e3o para a cidadania&hellip;\n","protected":false},"author":2,"featured_media":231470,"comment_status":"","ping_status":"","sticky":false,"template":"","format":"standard","meta":{"footnotes":""},"categories":[144],"tags":[207,205,206,203,201,202,315,204,1661,114,115,4083,14806,32,33],"class_list":{"0":"post-231469","1":"post","2":"type-post","3":"status-publish","4":"format-standard","5":"has-post-thumbnail","7":"category-arte-e-design","8":"tag-arte","9":"tag-arte-e-design","10":"tag-artedesign","11":"tag-arts","12":"tag-arts-and-design","13":"tag-artsanddesign","14":"tag-cultura","15":"tag-design","16":"tag-destaque","17":"tag-entertainment","18":"tag-entretenimento","19":"tag-institucional","20":"tag-paula-belmonte","21":"tag-portugal","22":"tag-pt"},"share_on_mastodon":{"url":"https:\/\/pubeurope.com\/@pt\/115905095430381637","error":""},"_links":{"self":[{"href":"https:\/\/www.europesays.com\/pt\/wp-json\/wp\/v2\/posts\/231469","targetHints":{"allow":["GET"]}}],"collection":[{"href":"https:\/\/www.europesays.com\/pt\/wp-json\/wp\/v2\/posts"}],"about":[{"href":"https:\/\/www.europesays.com\/pt\/wp-json\/wp\/v2\/types\/post"}],"author":[{"embeddable":true,"href":"https:\/\/www.europesays.com\/pt\/wp-json\/wp\/v2\/users\/2"}],"replies":[{"embeddable":true,"href":"https:\/\/www.europesays.com\/pt\/wp-json\/wp\/v2\/comments?post=231469"}],"version-history":[{"count":0,"href":"https:\/\/www.europesays.com\/pt\/wp-json\/wp\/v2\/posts\/231469\/revisions"}],"wp:featuredmedia":[{"embeddable":true,"href":"https:\/\/www.europesays.com\/pt\/wp-json\/wp\/v2\/media\/231470"}],"wp:attachment":[{"href":"https:\/\/www.europesays.com\/pt\/wp-json\/wp\/v2\/media?parent=231469"}],"wp:term":[{"taxonomy":"category","embeddable":true,"href":"https:\/\/www.europesays.com\/pt\/wp-json\/wp\/v2\/categories?post=231469"},{"taxonomy":"post_tag","embeddable":true,"href":"https:\/\/www.europesays.com\/pt\/wp-json\/wp\/v2\/tags?post=231469"}],"curies":[{"name":"wp","href":"https:\/\/api.w.org\/{rel}","templated":true}]}}