{"id":231473,"date":"2026-01-16T13:51:08","date_gmt":"2026-01-16T13:51:08","guid":{"rendered":"https:\/\/www.europesays.com\/pt\/231473\/"},"modified":"2026-01-16T13:51:08","modified_gmt":"2026-01-16T13:51:08","slug":"harry-styles-anuncia-novo-album-e-o-designer-da-capa-e-portugues","status":"publish","type":"post","link":"https:\/\/www.europesays.com\/pt\/231473\/","title":{"rendered":"Harry Styles anuncia novo \u00e1lbum e o designer da capa \u00e9 portugu\u00eas"},"content":{"rendered":"<p><strong>Harry Styles<\/strong> anunciou o lan\u00e7amento de um novo \u00e1lbum, intitulado <strong>\u201cKiss All The Time. Disco Occasionally\u201d<\/strong>.<\/p>\n<p>O disco, que ser\u00e1 o quarto da sua carreira a solo e o sucessor de \u201cHarry&#8217;s House\u201d (2022), \u00e9 editado a <strong>6 de mar\u00e7o<\/strong>.<\/p>\n<p>\u201cKiss All The Time. Disco Occasionally\u201d conta com uma capa elaborada pelo designer portugu\u00eas <strong>Br\u00e1ulio Amado<\/strong>, radicado nos Estados Unidos e conhecido por assinar as capas de \u00e1lbuns de artistas como R\u00f3is\u00edn Murphy ou Amyl and the Sniffers e trabalhos gr\u00e1ficos para Rolling Stones. O designer encontra-se atualmente nomeado para um <strong>Pr\u00e9mio Grammy<\/strong> para Melhor \u2018Recording Package\u2019 (algo como \u2018embalagem\u2019), que premeia o visual dos discos, incluindo capa e grafismo, pelo seu trabalho em \u201cBallonerism\u201d, disco p\u00f3stumo de Mac Miller.<\/p>\n<p>Ainda n\u00e3o se sabe se o novo \u00e1lbum de Harry Styles implicar\u00e1 uma nova digress\u00e3o mundial. O ex-One Direction poder\u00e1 estar a negociar uma resid\u00eancia de concertos no Madison Square Garden, em Nova Iorque.<\/p>\n","protected":false},"excerpt":{"rendered":"Harry Styles anunciou o lan\u00e7amento de um novo \u00e1lbum, intitulado \u201cKiss All The Time. Disco Occasionally\u201d. O disco,&hellip;\n","protected":false},"author":2,"featured_media":231474,"comment_status":"","ping_status":"","sticky":false,"template":"","format":"standard","meta":{"footnotes":""},"categories":[141],"tags":[114,115,149,150,32,33],"class_list":{"0":"post-231473","1":"post","2":"type-post","3":"status-publish","4":"format-standard","5":"has-post-thumbnail","7":"category-musica","8":"tag-entertainment","9":"tag-entretenimento","10":"tag-music","11":"tag-musica","12":"tag-portugal","13":"tag-pt"},"share_on_mastodon":{"url":"https:\/\/pubeurope.com\/@pt\/115905107486266836","error":""},"_links":{"self":[{"href":"https:\/\/www.europesays.com\/pt\/wp-json\/wp\/v2\/posts\/231473","targetHints":{"allow":["GET"]}}],"collection":[{"href":"https:\/\/www.europesays.com\/pt\/wp-json\/wp\/v2\/posts"}],"about":[{"href":"https:\/\/www.europesays.com\/pt\/wp-json\/wp\/v2\/types\/post"}],"author":[{"embeddable":true,"href":"https:\/\/www.europesays.com\/pt\/wp-json\/wp\/v2\/users\/2"}],"replies":[{"embeddable":true,"href":"https:\/\/www.europesays.com\/pt\/wp-json\/wp\/v2\/comments?post=231473"}],"version-history":[{"count":0,"href":"https:\/\/www.europesays.com\/pt\/wp-json\/wp\/v2\/posts\/231473\/revisions"}],"wp:featuredmedia":[{"embeddable":true,"href":"https:\/\/www.europesays.com\/pt\/wp-json\/wp\/v2\/media\/231474"}],"wp:attachment":[{"href":"https:\/\/www.europesays.com\/pt\/wp-json\/wp\/v2\/media?parent=231473"}],"wp:term":[{"taxonomy":"category","embeddable":true,"href":"https:\/\/www.europesays.com\/pt\/wp-json\/wp\/v2\/categories?post=231473"},{"taxonomy":"post_tag","embeddable":true,"href":"https:\/\/www.europesays.com\/pt\/wp-json\/wp\/v2\/tags?post=231473"}],"curies":[{"name":"wp","href":"https:\/\/api.w.org\/{rel}","templated":true}]}}