{"id":231484,"date":"2026-01-16T13:59:11","date_gmt":"2026-01-16T13:59:11","guid":{"rendered":"https:\/\/www.europesays.com\/pt\/231484\/"},"modified":"2026-01-16T13:59:11","modified_gmt":"2026-01-16T13:59:11","slug":"presa-mulher-que-enganava-idosos-a-seu-cuidado-para-lhes-ficar-com-o-dinheiro","status":"publish","type":"post","link":"https:\/\/www.europesays.com\/pt\/231484\/","title":{"rendered":"Presa mulher que enganava idosos a seu cuidado para lhes ficar com o dinheiro"},"content":{"rendered":"<p data-remotead-prev-elm=\"true\" data-remotead-elm-id=\"inread\">Os factos ocorreram em 2016. Segundo a acusa\u00e7\u00e3o, validada pelo tribunal, a mulher e o filho tra\u00e7aram um plano que consistiu em obter procura\u00e7\u00f5es de pessoas idosas que ela tinha a seu cargo. Com esses documentos e aproveitando-se do estado d\u00e9bil dos idosos, conseguiram efetuar diversas movimenta\u00e7\u00f5es das contas banc\u00e1rias das v\u00edtimas.<\/p>\n<p>A PJ indica que transferiram &#8220;quantias elevadas de dinheiro&#8221; para contas tituladas pela detida e por seus familiares. A situa\u00e7\u00e3o foi detetada pelas entidades banc\u00e1rias na sequ\u00eancia de procedimentos de preven\u00e7\u00e3o de branqueamento.<\/p>\n<p>A mulher foi acusada, julgada e condenada a seis anos e meio de pris\u00e3o pela pr\u00e1tica dos crimes de burla qualificada e branqueamento pelo Tribunal de Lisboa. Segundo um comunicado emitido esta sexta-feira, a PJ localizou e deteve a mulher na zona de Loures e entregou-a diretamente no estabelecimento para cumprimento de pena.<\/p>\n","protected":false},"excerpt":{"rendered":"Os factos ocorreram em 2016. Segundo a acusa\u00e7\u00e3o, validada pelo tribunal, a mulher e o filho tra\u00e7aram um&hellip;\n","protected":false},"author":2,"featured_media":231485,"comment_status":"","ping_status":"","sticky":false,"template":"","format":"standard","meta":{"footnotes":""},"categories":[10],"tags":[27,28,43707,15,16,14,603,25,26,2432,21,22,12,13,19,20,4107,32,23,24,33,17,18,29,30,31],"class_list":{"0":"post-231484","1":"post","2":"type-post","3":"status-publish","4":"format-standard","5":"has-post-thumbnail","7":"category-portugal","8":"tag-breaking-news","9":"tag-breakingnews","10":"tag-burla-qualificada","11":"tag-featured-news","12":"tag-featurednews","13":"tag-headlines","14":"tag-justica","15":"tag-latest-news","16":"tag-latestnews","17":"tag-loures","18":"tag-main-news","19":"tag-mainnews","20":"tag-news","21":"tag-noticias","22":"tag-noticias-principais","23":"tag-noticiasprincipais","24":"tag-pj","25":"tag-portugal","26":"tag-principais-noticias","27":"tag-principaisnoticias","28":"tag-pt","29":"tag-top-stories","30":"tag-topstories","31":"tag-ultimas","32":"tag-ultimas-noticias","33":"tag-ultimasnoticias"},"share_on_mastodon":{"url":"https:\/\/pubeurope.com\/@pt\/115905138730908813","error":""},"_links":{"self":[{"href":"https:\/\/www.europesays.com\/pt\/wp-json\/wp\/v2\/posts\/231484","targetHints":{"allow":["GET"]}}],"collection":[{"href":"https:\/\/www.europesays.com\/pt\/wp-json\/wp\/v2\/posts"}],"about":[{"href":"https:\/\/www.europesays.com\/pt\/wp-json\/wp\/v2\/types\/post"}],"author":[{"embeddable":true,"href":"https:\/\/www.europesays.com\/pt\/wp-json\/wp\/v2\/users\/2"}],"replies":[{"embeddable":true,"href":"https:\/\/www.europesays.com\/pt\/wp-json\/wp\/v2\/comments?post=231484"}],"version-history":[{"count":0,"href":"https:\/\/www.europesays.com\/pt\/wp-json\/wp\/v2\/posts\/231484\/revisions"}],"wp:featuredmedia":[{"embeddable":true,"href":"https:\/\/www.europesays.com\/pt\/wp-json\/wp\/v2\/media\/231485"}],"wp:attachment":[{"href":"https:\/\/www.europesays.com\/pt\/wp-json\/wp\/v2\/media?parent=231484"}],"wp:term":[{"taxonomy":"category","embeddable":true,"href":"https:\/\/www.europesays.com\/pt\/wp-json\/wp\/v2\/categories?post=231484"},{"taxonomy":"post_tag","embeddable":true,"href":"https:\/\/www.europesays.com\/pt\/wp-json\/wp\/v2\/tags?post=231484"}],"curies":[{"name":"wp","href":"https:\/\/api.w.org\/{rel}","templated":true}]}}