{"id":231486,"date":"2026-01-16T14:05:15","date_gmt":"2026-01-16T14:05:15","guid":{"rendered":"https:\/\/www.europesays.com\/pt\/231486\/"},"modified":"2026-01-16T14:05:15","modified_gmt":"2026-01-16T14:05:15","slug":"amor-a-prova-vamos-internar-o-nico-e-comecar-a-quimioterapia-novelas","status":"publish","type":"post","link":"https:\/\/www.europesays.com\/pt\/231486\/","title":{"rendered":"Amor \u00e0 Prova: \u00abVamos internar o Nico e come\u00e7ar a quimioterapia\u00bb &#8211; Novelas"},"content":{"rendered":"<p>Em \u00abAmor \u00e0 Prova\u00bb, David (Diogo Amaral) informa Tom\u00e1s (Jo\u00e3o Jesus) e Alice (Mafalda Marafusta) que v\u00e3o internar Nico (Salvador Biernat) amanh\u00e3 para come\u00e7ar os tratamentos. Tom\u00e1s quer saber quanto tempo demora at\u00e9 ao transplante e gostava que fosse o mais r\u00e1pido poss\u00edvel, porque n\u00e3o confia nada na disponibilidade de Cris (Jos\u00e9 Condessa).<\/p>\n","protected":false},"excerpt":{"rendered":"Em \u00abAmor \u00e0 Prova\u00bb, David (Diogo Amaral) informa Tom\u00e1s (Jo\u00e3o Jesus) e Alice (Mafalda Marafusta) que v\u00e3o internar&hellip;\n","protected":false},"author":2,"featured_media":231487,"comment_status":"","ping_status":"","sticky":false,"template":"","format":"standard","meta":{"footnotes":""},"categories":[142],"tags":[17049,160,166,114,115,157,167,164,2931,161,158,165,159,32,33,156,163,151,162],"class_list":{"0":"post-231486","1":"post","2":"type-post","3":"status-publish","4":"format-standard","5":"has-post-thumbnail","7":"category-tv","8":"tag-amor-a-prova","9":"tag-ana-guiomar","10":"tag-cristina-ferreira","11":"tag-entertainment","12":"tag-entretenimento","13":"tag-festa-e-festa","14":"tag-ficcao","15":"tag-jose-fidalgo","16":"tag-novela","17":"tag-novelas","18":"tag-para-sempre","19":"tag-pedro-sousa","20":"tag-pedro-teixeira","21":"tag-portugal","22":"tag-pt","23":"tag-queridos-papas","24":"tag-tiago-teotonio-pereira","25":"tag-tv","26":"tag-tvi"},"share_on_mastodon":{"url":"https:\/\/pubeurope.com\/@pt\/115905162322129007","error":""},"_links":{"self":[{"href":"https:\/\/www.europesays.com\/pt\/wp-json\/wp\/v2\/posts\/231486","targetHints":{"allow":["GET"]}}],"collection":[{"href":"https:\/\/www.europesays.com\/pt\/wp-json\/wp\/v2\/posts"}],"about":[{"href":"https:\/\/www.europesays.com\/pt\/wp-json\/wp\/v2\/types\/post"}],"author":[{"embeddable":true,"href":"https:\/\/www.europesays.com\/pt\/wp-json\/wp\/v2\/users\/2"}],"replies":[{"embeddable":true,"href":"https:\/\/www.europesays.com\/pt\/wp-json\/wp\/v2\/comments?post=231486"}],"version-history":[{"count":0,"href":"https:\/\/www.europesays.com\/pt\/wp-json\/wp\/v2\/posts\/231486\/revisions"}],"wp:featuredmedia":[{"embeddable":true,"href":"https:\/\/www.europesays.com\/pt\/wp-json\/wp\/v2\/media\/231487"}],"wp:attachment":[{"href":"https:\/\/www.europesays.com\/pt\/wp-json\/wp\/v2\/media?parent=231486"}],"wp:term":[{"taxonomy":"category","embeddable":true,"href":"https:\/\/www.europesays.com\/pt\/wp-json\/wp\/v2\/categories?post=231486"},{"taxonomy":"post_tag","embeddable":true,"href":"https:\/\/www.europesays.com\/pt\/wp-json\/wp\/v2\/tags?post=231486"}],"curies":[{"name":"wp","href":"https:\/\/api.w.org\/{rel}","templated":true}]}}