{"id":231488,"date":"2026-01-16T14:06:11","date_gmt":"2026-01-16T14:06:11","guid":{"rendered":"https:\/\/www.europesays.com\/pt\/231488\/"},"modified":"2026-01-16T14:06:11","modified_gmt":"2026-01-16T14:06:11","slug":"somos-rock-anuncia-edicao-curitiba-em-2026-com-line-up-internacional-e-nomes-historicos-do-rock-brasileiro-mundo-livre-fm","status":"publish","type":"post","link":"https:\/\/www.europesays.com\/pt\/231488\/","title":{"rendered":"Somos Rock anuncia edi\u00e7\u00e3o Curitiba em 2026 com line-up internacional e nomes hist\u00f3ricos do rock brasileiro &#8211; Mundo Livre FM"},"content":{"rendered":"<p class=\"data-post\">\n\t\t\t\t\t\t\t\t15 de janeiro de 2026\t\t\t\t\t\t\t<\/p>\n<p>O festival <strong>Somos Rock<\/strong> confirmou oficialmente sua chegada a Curitiba em 2026 e escolheu um palco \u00e0 altura da proposta. A edi\u00e7\u00e3o paranaense acontece no dia 26 de abril, na <strong>Pedreira Paulo Leminski<\/strong>, reunindo nomes que atravessam diferentes fases da hist\u00f3ria do rock em um \u00fanico dia de programa\u00e7\u00e3o.<\/p>\n<p>Depois de anunciar sua realiza\u00e7\u00e3o em S\u00e3o Paulo, o festival amplia sua atua\u00e7\u00e3o e aposta na capital paranaense como ponto estrat\u00e9gico para consolidar o evento no calend\u00e1rio nacional. A ideia \u00e9 clara promover um encontro entre gera\u00e7\u00f5es, estilos e cenas que ajudaram a moldar o rock das \u00faltimas d\u00e9cadas, sem recortes r\u00edgidos ou nostalgia engessada.<\/p>\n<p>No campo internacional, o line-up traz os brit\u00e2nicos <strong>Echo &amp; The Bunnymen<\/strong>, uma das bandas mais influentes do p\u00f3s-punk e do rock alternativo surgido nos anos 1980. Ao lado deles, o festival recebe grupos norte-americanos que dominaram r\u00e1dios, trilhas sonoras e palcos nos anos 1990, como <strong>Spin Doctors<\/strong>, <strong>Smash Mouth<\/strong> e <strong>Candlebox<\/strong>, cada um representando uma faceta distinta do rock daquele per\u00edodo.<\/p>\n<p>A representa\u00e7\u00e3o brasileira tamb\u00e9m aposta em nomes que ajudaram a construir diferentes cap\u00edtulos do g\u00eanero no pa\u00eds. <strong>Os Paralamas do Sucesso<\/strong> levam ao palco uma trajet\u00f3ria que atravessa gera\u00e7\u00f5es desde os anos 1980, enquanto <strong>Raimundos<\/strong> e <strong>Detonautas<\/strong> refor\u00e7am a conex\u00e3o do festival com o rock mais direto, urbano e popular dos anos 1990 e 2000.<\/p>\n<p>A venda de ingressos para o Somos Rock Curitiba come\u00e7a nesta sexta-feira (16), por meio do site da <strong>Ticketmaster<\/strong>. <\/p>\n<p><strong>Servi\u00e7o \u2013 Somos Rock Curitiba 2026<\/strong><br \/>Data: 26 de abril de 2026<br \/>Local: Pedreira Paulo Leminski, Curitiba<br \/>Abertura de vendas: sexta-feira, 16 de janeiro, pelo site da Ticketmaster<\/p>\n<blockquote class=\"instagram-media\" data-instgrm-captioned=\"\" data-instgrm-permalink=\"https:\/\/www.instagram.com\/reel\/DTgWcjCDglf\/?utm_source=ig_embed&amp;utm_campaign=loading\" data-instgrm-version=\"14\" style=\" background:#FFF; border:0; border-radius:3px; box-shadow:0 0 1px 0 rgba(0,0,0,0.5),0 1px 10px 0 rgba(0,0,0,0.15); margin: 1px; max-width:540px; min-width:326px; padding:0; width:99.375%; width:-webkit-calc(100% - 2px); width:calc(100% - 2px);\"\/>\n<p>\t\t\t\t\t\t<script async src=\"\/\/www.instagram.com\/embed.js\"><\/script><\/p>\n","protected":false},"excerpt":{"rendered":"15 de janeiro de 2026 O festival Somos Rock confirmou oficialmente sua chegada a Curitiba em 2026 e&hellip;\n","protected":false},"author":2,"featured_media":231489,"comment_status":"","ping_status":"","sticky":false,"template":"","format":"standard","meta":{"footnotes":""},"categories":[141],"tags":[114,115,149,150,32,33],"class_list":{"0":"post-231488","1":"post","2":"type-post","3":"status-publish","4":"format-standard","5":"has-post-thumbnail","7":"category-musica","8":"tag-entertainment","9":"tag-entretenimento","10":"tag-music","11":"tag-musica","12":"tag-portugal","13":"tag-pt"},"share_on_mastodon":{"url":"https:\/\/pubeurope.com\/@pt\/115905166263843208","error":""},"_links":{"self":[{"href":"https:\/\/www.europesays.com\/pt\/wp-json\/wp\/v2\/posts\/231488","targetHints":{"allow":["GET"]}}],"collection":[{"href":"https:\/\/www.europesays.com\/pt\/wp-json\/wp\/v2\/posts"}],"about":[{"href":"https:\/\/www.europesays.com\/pt\/wp-json\/wp\/v2\/types\/post"}],"author":[{"embeddable":true,"href":"https:\/\/www.europesays.com\/pt\/wp-json\/wp\/v2\/users\/2"}],"replies":[{"embeddable":true,"href":"https:\/\/www.europesays.com\/pt\/wp-json\/wp\/v2\/comments?post=231488"}],"version-history":[{"count":0,"href":"https:\/\/www.europesays.com\/pt\/wp-json\/wp\/v2\/posts\/231488\/revisions"}],"wp:featuredmedia":[{"embeddable":true,"href":"https:\/\/www.europesays.com\/pt\/wp-json\/wp\/v2\/media\/231489"}],"wp:attachment":[{"href":"https:\/\/www.europesays.com\/pt\/wp-json\/wp\/v2\/media?parent=231488"}],"wp:term":[{"taxonomy":"category","embeddable":true,"href":"https:\/\/www.europesays.com\/pt\/wp-json\/wp\/v2\/categories?post=231488"},{"taxonomy":"post_tag","embeddable":true,"href":"https:\/\/www.europesays.com\/pt\/wp-json\/wp\/v2\/tags?post=231488"}],"curies":[{"name":"wp","href":"https:\/\/api.w.org\/{rel}","templated":true}]}}