{"id":231490,"date":"2026-01-16T14:07:07","date_gmt":"2026-01-16T14:07:07","guid":{"rendered":"https:\/\/www.europesays.com\/pt\/231490\/"},"modified":"2026-01-16T14:07:07","modified_gmt":"2026-01-16T14:07:07","slug":"kathleen-kennedy-sai-do-estudio-lucasfilm","status":"publish","type":"post","link":"https:\/\/www.europesays.com\/pt\/231490\/","title":{"rendered":"Kathleen Kennedy sai do est\u00fadio Lucasfilm"},"content":{"rendered":"<p>Kathleen Kennedy diz adeus \u00e0 Lucasfilm.<\/p>\n<p>Na posi\u00e7\u00e3o desde o fim de outubro de 2012, quando o est\u00fadio respons\u00e1vel pelas sagas &#8220;Star Wars&#8221; e &#8220;Indiana Jones&#8221; foi vendido \u00e0 Disney por George Lucas, Kennedy deixa oficialmente esta semana a presid\u00eancia.<\/p>\n<p>Esperado h\u00e1 algum tempo, o an\u00fancio oficial foi feito na quinta-feira ao fim da tarde nos EUA, ap\u00f3s semanas de um segredo mal guardado em Hollywood.<\/p>\n<p>Essencialmente, a sua posi\u00e7\u00e3o passar\u00e1 a ser dividida por duas pessoas, colaboradores de muitos anos: Dave Filoni ser\u00e1 promovido a presidente e diretor criativo, ficando ainda mais na posi\u00e7\u00e3o central de supervisionar a vis\u00e3o e dire\u00e7\u00e3o criativa geral do est\u00fadio para os filmes e s\u00e9ries (j\u00e1 era o diretor criativo desde novembro de 2023), enquanto a executiva Lynwen Brennan dirigir\u00e1 as opera\u00e7\u00f5es comerciais, ficando assim na supervis\u00e3o da parte do &#8220;neg\u00f3cio&#8221;.<\/p>\n<p>Os dois s\u00e3o &#8220;veteranos&#8221; da casa: o primeiro foi chamado por George Lucas, criador de &#8220;Star Wars&#8221;, para supervisionar a s\u00e9rie &#8220;The Clone Wars&#8221; antes de se tornar, no regime de Kennedy, produtor executivo nas s\u00e9ries &#8220;The Mandalorian&#8221;, &#8220;O Livro de Boba Fett&#8221; e &#8220;Star Wars Skeleton Crew: Aventura pela Gal\u00e1xia&#8221;, e criador, produtor executivo e argumentista de &#8220;Ahsoka&#8221;. Tamb\u00e9m \u00e9 uma reconhecida &#8220;enciclop\u00e9dia&#8221; da saga no interior do est\u00fadio, juntamente com Pablo Hidalgo; a segunda era diretora geral da Lucasfilm, depois de ter ocupado a mesma fun\u00e7\u00e3o durante 16 anos na Industrial Light &amp; Magic, a empresa de efeitos visuais criada por Lucas.<\/p>\n<p>Em entrevista de despedida \u00e0<a href=\"https:\/\/deadline.com\/2026\/01\/kathleen-kennedy-exit-interview-1236665253\/\" target=\"_blank\" rel=\"noopener nofollow\"> publica\u00e7\u00e3o &#8216;online&#8217; Deadline,<\/a> Kennedy, com 72 anos, assume que o futuro passa pelo regresso \u00e0 produ\u00e7\u00e3o de filmes.<\/p>\n<p>O in\u00edcio da carreira foi com Steven Spielberg e passou pela parceria com o marido Frank Marshall, que conheceu durante a rodagem de &#8220;Os Salteadores da Arca Perdida&#8221; (1941): trabalharam em v\u00e1rios filmes do realizador e foram co-fundadores da sua produtora Amblin.<\/p>\n<p>A produtora The Kennedy\/Marshall Company come\u00e7ou formalmente em 1992 e conseguiu nomea\u00e7\u00f5es para o \u00d3scar de Melhor Filme com &#8220;O Sexto Sentido&#8221; (1999), &#8220;Nascido para Ganhar&#8221; (2003), &#8220;Munique&#8221; (2005) e &#8220;O Estranho Caso de Benjamin Button&#8221; (2008).<\/p>\n<p>Os cinco filmes da saga &#8220;Jason Bourne&#8221; (2002-2016), &#8220;Sinais&#8221; (2002), &#8220;Pers\u00e9polis&#8221; (2007), &#8220;O Escafandro e a Borboleta&#8221; (2007) e &#8220;Milagre no Rio Hudson&#8221; (2016) s\u00e3o outros t\u00edtulos de prest\u00edgio da dupla.<\/p>\n<p>Antes disso, os dois partilharam a nomea\u00e7\u00e3o por &#8220;A Cor P\u00farpura&#8221; (1985), enquanto Kennedy foi tamb\u00e9m nomeada por &#8220;E.T.&#8221; (1982), &#8220;Cavalo de Guerra&#8221; (2011) e &#8220;Lincoln&#8221; (2012).<\/p>\n<p>J\u00e1 o legado \u00e0 frente da Lucasfilm \u00e9 controverso: se as s\u00e9ries &#8220;Star Wars&#8221; t\u00eam chegado regularmente ao servi\u00e7o de streaming Disney+, a saga marcou passo no grande ecr\u00e3 desde &#8220;A Ascens\u00e3o de Skywalker&#8221; em 2019 (o \u00faltimo da terceira trilogia) at\u00e9 ao anunciado regresso finalmente em maio deste ano com &#8220;The Mandalorian &amp; Grogu&#8221; (exatamente um ano depois ser\u00e1 a vez de &#8220;Star Wars: Starfighter&#8221;).<\/p>\n<p>Os tr\u00eas filmes da saga &#8220;Skywalker&#8221; entre 2015 e 2019 dividiram os f\u00e3s e arrecadaram progressivamente menos nas bilheteiras.\u00a0E como reconhece na entrevista \u00e0 Deadline, n\u00e3o conseguiu convencer v\u00e1rios artistas a investirem o tempo e dedica\u00e7\u00e3o necess\u00e1rios para criar e levar novas hist\u00f3rias ao grande e pequeno ecr\u00e3, ou a Disney a dar luz verde a projetos que a entusiasmaram.<\/p>\n<p>Entre os projetos que est\u00e3o em desenvolvimento, adormecidos ou mortos na Lucasfilm, a lista oficial e oficiosa de envolvidos inclui desde os criadores de &#8220;A Guerra dos Tronos&#8221; a realizadores como Taika Waititi, Rian Johnson, Patty Jenkins, David Fincher, Simon Kinberg, James Mangold e Sharmeen Obaid-Chinoy, al\u00e9m de Steven Soderbergh com Adam Driver, o ator Donald Glover, Vince Gilligan (criador de &#8220;Breaking Bad&#8221;, &#8220;Better Call Saul&#8221; e &#8220;Pluribus&#8221;) e at\u00e9 Kevin Feige, o presidente da Marvel Studios.<\/p>\n<p>O consenso entre f\u00e3s e cr\u00edticos \u00e9 que o filme &#8220;Rogue One: Uma Hist\u00f3ria de Star Wars&#8221; (2016) e a s\u00e9rie &#8220;Andor&#8221; s\u00e3o o seu melhor legado \u00e0 frente do est\u00fadio.<\/p>\n<p>Por outro lado, &#8220;Han Solo: Uma Hist\u00f3ria de Star Wars&#8221;(2018) ter\u00e1 sido um dos momentos mais baixos: o primeiro fracasso comercial da saga e onde teve de chamar Ron Howard para dirigir a meio depois de despedir os realizadores Phil Lord e Christopher Miller.<\/p>\n<p>Ao Deadline na hora da despedida, reconheceu que Harrison Ford era insubstitu\u00edvel, pelo menos por agora: &#8220;Por mais maravilhoso que o Alden Ehrenreich tenha sido, e ele realmente foi \u00f3timo, e \u00e9 um ator maravilhoso, coloc\u00e1mo-lo numa situa\u00e7\u00e3o imposs\u00edvel&#8221;.<\/p>\n<p>Ap\u00f3s muitos anos de avan\u00e7os e recuos, &#8220;Indiana Jones e o Marcador do Destino&#8221;, o quinto da saga, tamb\u00e9m n\u00e3o deixou saudades aos f\u00e3s quando chegou \u00e0s salas no ver\u00e3o de 2023, mas a produtora n\u00e3o tem arrependimentos.<\/p>\n<p>&#8220;Porque o Harrison queria faz\u00ea-lo mais do que qualquer outra coisa&#8221;, disse ao Deadline. &#8220;Ele n\u00e3o queria que o Indy acabasse no quarto filme. Queria uma oportunidade para mais um, e n\u00f3s fizemo-lo por ele. Acho que foi o mais correto a fazer. Ele queria fazer aquele filme. N\u00e3o acho que Indy v\u00e1 acabar de vez, mas tamb\u00e9m n\u00e3o acho que algu\u00e9m esteja interessado em explorar isso agora. Mas estes s\u00e3o filmes intemporais, e Indy nunca vai acabar&#8221;.<\/p>\n","protected":false},"excerpt":{"rendered":"Kathleen Kennedy diz adeus \u00e0 Lucasfilm. Na posi\u00e7\u00e3o desde o fim de outubro de 2012, quando o est\u00fadio&hellip;\n","protected":false},"author":2,"featured_media":231491,"comment_status":"","ping_status":"","sticky":false,"template":"","format":"standard","meta":{"footnotes":""},"categories":[140],"tags":[114,115,147,148,146,32,33],"class_list":{"0":"post-231490","1":"post","2":"type-post","3":"status-publish","4":"format-standard","5":"has-post-thumbnail","7":"category-filmes","8":"tag-entertainment","9":"tag-entretenimento","10":"tag-film","11":"tag-filmes","12":"tag-movies","13":"tag-portugal","14":"tag-pt"},"share_on_mastodon":{"url":"https:\/\/pubeurope.com\/@pt\/115905170396869518","error":""},"_links":{"self":[{"href":"https:\/\/www.europesays.com\/pt\/wp-json\/wp\/v2\/posts\/231490","targetHints":{"allow":["GET"]}}],"collection":[{"href":"https:\/\/www.europesays.com\/pt\/wp-json\/wp\/v2\/posts"}],"about":[{"href":"https:\/\/www.europesays.com\/pt\/wp-json\/wp\/v2\/types\/post"}],"author":[{"embeddable":true,"href":"https:\/\/www.europesays.com\/pt\/wp-json\/wp\/v2\/users\/2"}],"replies":[{"embeddable":true,"href":"https:\/\/www.europesays.com\/pt\/wp-json\/wp\/v2\/comments?post=231490"}],"version-history":[{"count":0,"href":"https:\/\/www.europesays.com\/pt\/wp-json\/wp\/v2\/posts\/231490\/revisions"}],"wp:featuredmedia":[{"embeddable":true,"href":"https:\/\/www.europesays.com\/pt\/wp-json\/wp\/v2\/media\/231491"}],"wp:attachment":[{"href":"https:\/\/www.europesays.com\/pt\/wp-json\/wp\/v2\/media?parent=231490"}],"wp:term":[{"taxonomy":"category","embeddable":true,"href":"https:\/\/www.europesays.com\/pt\/wp-json\/wp\/v2\/categories?post=231490"},{"taxonomy":"post_tag","embeddable":true,"href":"https:\/\/www.europesays.com\/pt\/wp-json\/wp\/v2\/tags?post=231490"}],"curies":[{"name":"wp","href":"https:\/\/api.w.org\/{rel}","templated":true}]}}