{"id":231492,"date":"2026-01-16T14:08:07","date_gmt":"2026-01-16T14:08:07","guid":{"rendered":"https:\/\/www.europesays.com\/pt\/231492\/"},"modified":"2026-01-16T14:08:07","modified_gmt":"2026-01-16T14:08:07","slug":"bruno-fernandes-ja-decidiu-o-seu-futuro-apos-a-saida-de-amorim","status":"publish","type":"post","link":"https:\/\/www.europesays.com\/pt\/231492\/","title":{"rendered":"Bruno Fernandes j\u00e1 decidiu o seu futuro ap\u00f3s a sa\u00edda de Amorim"},"content":{"rendered":"<p><a target=\"_blank\" class=\"editor-link autolink-enabled\" href=\"https:\/\/www.abola.pt\/futebol\/jogador\/bruno-fernandes-5137\" data-resource-id=\"5137\" data-resource-type=\"player\" data-sport=\"football\" rel=\"nofollow noopener\">Bruno Fernandes<\/a> est\u00e1 de pedra e cal no <a target=\"_blank\" class=\"editor-link autolink-enabled\" href=\"https:\/\/www.abola.pt\/futebol\/manchester-united-102\" data-resource-id=\"102\" data-resource-type=\"team\" data-sport=\"football\" rel=\"nofollow noopener\">Manchester United<\/a>. Apesar de estar a ser ligado pela imprensa internacional a uma poss\u00edvel sa\u00edda j\u00e1 em janeiro, isto ap\u00f3s o despedimento de Ruben Amorim do comando t\u00e9cnico, o internacional portugu\u00eas n\u00e3o quer sair&#8230; para j\u00e1.<\/p>\n<p>Segundo a BBC, o desejo do m\u00e9dio \u00e9 continuar nos red devils, no qual \u00e9 capit\u00e3o de equipa, ajudando Michael Carrick a liderar o clube at\u00e9 ao final da temporada, at\u00e9 chegar um novo treinador em definitivo, ap\u00f3s a breve passagem de Darren Fletcher por apenas dois jogos.<\/p>\n<p>No entanto, a mesma fonte garante que o ex-<a target=\"_blank\" class=\"editor-link autolink-enabled\" href=\"https:\/\/www.abola.pt\/futebol\/sporting-448\" data-resource-id=\"448\" data-resource-type=\"team\" data-sport=\"football\" rel=\"nofollow noopener\">Sporting<\/a> pretende reavaliar a sua situa\u00e7\u00e3o no clube no final da \u00e9poca, altura em que ter\u00e1 apenas mais um ano de contrato. Durante o pr\u00f3ximo ver\u00e3o, em princ\u00edpio, estar\u00e1 a representar <a target=\"_blank\" class=\"editor-link autolink-enabled\" href=\"https:\/\/www.abola.pt\/futebol\/portugal-1651\" data-resource-id=\"1651\" data-resource-type=\"team\" data-sport=\"football\" rel=\"nofollow noopener\">Portugal<\/a> no <a target=\"_blank\" class=\"editor-link autolink-enabled\" href=\"https:\/\/www.abola.pt\/futebol\/competicao\/mundial-30\" data-resource-id=\"30\" data-resource-type=\"competition\" data-sport=\"football\" rel=\"nofollow noopener\">Mundial<\/a> 2026, que termina a meio de julho, j\u00e1 com o mercado novamente aberto.<\/p>\n<p>Recentemente, em algumas entrevistas, <a target=\"_blank\" class=\"editor-link autolink-enabled\" href=\"https:\/\/www.abola.pt\/futebol\/jogador\/bruno-fernandes-5137\" data-resource-id=\"5137\" data-resource-type=\"player\" data-sport=\"football\" rel=\"nofollow noopener\">Bruno Fernandes<\/a> admitiu que ficou magoado pelo facto do clube estar inclinado a aceitar a oferta milion\u00e1ria do <a target=\"_blank\" class=\"editor-link autolink-enabled\" href=\"https:\/\/www.abola.pt\/futebol\/al-hilal-2866\" data-resource-id=\"2866\" data-resource-type=\"team\" data-sport=\"football\" rel=\"nofollow noopener\">Al Hilal<\/a> por si, no ver\u00e3o passado, mas que foi Ruben Amorim quem queria que o compatriota ficasse. A BBC afirma ainda que o desejo do atleta \u00e9 continuar na Europa, em caso de uma eventual sa\u00edda.<\/p>\n","protected":false},"excerpt":{"rendered":"Bruno Fernandes est\u00e1 de pedra e cal no Manchester United. Apesar de estar a ser ligado pela imprensa&hellip;\n","protected":false},"author":2,"featured_media":231493,"comment_status":"","ping_status":"","sticky":false,"template":"","format":"standard","meta":{"footnotes":""},"categories":[87],"tags":[135,32,33,134],"class_list":{"0":"post-231492","1":"post","2":"type-post","3":"status-publish","4":"format-standard","5":"has-post-thumbnail","7":"category-desporto","8":"tag-desporto","9":"tag-portugal","10":"tag-pt","11":"tag-sports"},"share_on_mastodon":{"url":"https:\/\/pubeurope.com\/@pt\/115905174146271494","error":""},"_links":{"self":[{"href":"https:\/\/www.europesays.com\/pt\/wp-json\/wp\/v2\/posts\/231492","targetHints":{"allow":["GET"]}}],"collection":[{"href":"https:\/\/www.europesays.com\/pt\/wp-json\/wp\/v2\/posts"}],"about":[{"href":"https:\/\/www.europesays.com\/pt\/wp-json\/wp\/v2\/types\/post"}],"author":[{"embeddable":true,"href":"https:\/\/www.europesays.com\/pt\/wp-json\/wp\/v2\/users\/2"}],"replies":[{"embeddable":true,"href":"https:\/\/www.europesays.com\/pt\/wp-json\/wp\/v2\/comments?post=231492"}],"version-history":[{"count":0,"href":"https:\/\/www.europesays.com\/pt\/wp-json\/wp\/v2\/posts\/231492\/revisions"}],"wp:featuredmedia":[{"embeddable":true,"href":"https:\/\/www.europesays.com\/pt\/wp-json\/wp\/v2\/media\/231493"}],"wp:attachment":[{"href":"https:\/\/www.europesays.com\/pt\/wp-json\/wp\/v2\/media?parent=231492"}],"wp:term":[{"taxonomy":"category","embeddable":true,"href":"https:\/\/www.europesays.com\/pt\/wp-json\/wp\/v2\/categories?post=231492"},{"taxonomy":"post_tag","embeddable":true,"href":"https:\/\/www.europesays.com\/pt\/wp-json\/wp\/v2\/tags?post=231492"}],"curies":[{"name":"wp","href":"https:\/\/api.w.org\/{rel}","templated":true}]}}