{"id":231494,"date":"2026-01-16T14:09:10","date_gmt":"2026-01-16T14:09:10","guid":{"rendered":"https:\/\/www.europesays.com\/pt\/231494\/"},"modified":"2026-01-16T14:09:10","modified_gmt":"2026-01-16T14:09:10","slug":"fundacao-do-abc-apoia-acoes-de-vacinacao-contra-o-sarampo-na-capital","status":"publish","type":"post","link":"https:\/\/www.europesays.com\/pt\/231494\/","title":{"rendered":"Funda\u00e7\u00e3o do ABC apoia a\u00e7\u00f5es de vacina\u00e7\u00e3o contra o sarampo na Capital"},"content":{"rendered":"<p>\t\t\t\t\tContrato de Gest\u00e3o S\u00e3o Mateus integra esfor\u00e7os da Prefeitura para amplia\u00e7\u00e3o da imuniza\u00e7\u00e3o e a\u00e7\u00f5es extramuros durante o m\u00eas de janeiro<\/p>\n<p>\u00a0<\/p>\n<p style=\"text-align: justify;\"><img fetchpriority=\"high\" decoding=\"async\" class=\"wp-image-73376 aligncenter\" src=\"https:\/\/www.europesays.com\/pt\/wp-content\/uploads\/2026\/01\/Destaques-Site-800x600-FUABC.png\" alt=\"\" width=\"693\" height=\"520\"  \/>Por meio do Contrato de Gest\u00e3o S\u00e3o Mateus, a Funda\u00e7\u00e3o do ABC iniciou nesta semana sua participa\u00e7\u00e3o na campanha da Prefeitura de S\u00e3o Paulo para intensifica\u00e7\u00e3o da vacina\u00e7\u00e3o contra o sarampo. Liderada pela Secretaria Municipal da Sa\u00fade (SMS), a iniciativa conta com a parceria da Unidade de Vigil\u00e2ncia em Sa\u00fade (UVIS) e da Supervis\u00e3o T\u00e9cnica de Sa\u00fade (STS) de S\u00e3o Mateus para refor\u00e7ar a imuniza\u00e7\u00e3o nas diferentes regi\u00f5es do territ\u00f3rio. Planejada entre 12 e 24 de janeiro, a estrat\u00e9gia tem como objetivo atualizar o esquema vacinal e ampliar a imuniza\u00e7\u00e3o de pessoas ainda n\u00e3o vacinadas, conforme as diretrizes do Programa Nacional de Imuniza\u00e7\u00f5es (PNI).<\/p>\n<p style=\"text-align: justify;\">As a\u00e7\u00f5es na Zona Leste contam com a participa\u00e7\u00e3o de todas as Unidades B\u00e1sicas de Sa\u00fade (UBSs) gerenciadas pela Funda\u00e7\u00e3o do ABC, que integram a rede municipal de aten\u00e7\u00e3o prim\u00e1ria \u00e0 sa\u00fade no territ\u00f3rio de S\u00e3o Mateus. Al\u00e9m disso, com apoio das equipes de enfermagem e dos agentes de endemias da UBS Colonial, o Shopping Negreiros recebeu em 14 de janeiro a\u00e7\u00e3o espec\u00edfica em benef\u00edcio da popula\u00e7\u00e3o que frequenta o local. A pr\u00f3xima agenda extramuros est\u00e1 prevista para o dia 16, na unidade do Descomplica S\u00e3o Mateus.<\/p>\n<p style=\"text-align: justify;\">Entre os dias 20 e 22 de janeiro, haver\u00e1 intensifica\u00e7\u00e3o da vacina\u00e7\u00e3o no Monotrilho S\u00e3o Mateus, das 8h \u00e0s 17h, com apoio das equipes de enfermagem das unidades do territ\u00f3rio. J\u00e1 nos dias 26 e 27 de janeiro, a a\u00e7\u00e3o ser\u00e1 na base do Servi\u00e7o de Atendimento M\u00f3vel de Urg\u00eancia (SAMU), com foco na imuniza\u00e7\u00e3o de profissionais da sa\u00fade, contando com o apoio das equipes das UBSs Boa Esperan\u00e7a e Santa B\u00e1rbara, tamb\u00e9m sob gest\u00e3o da FUABC.<\/p>\n<p><strong>DIA D DE VACINA\u00c7\u00c3O<\/strong><\/p>\n<p style=\"text-align: justify;\">No s\u00e1bado, 24 de janeiro, ser\u00e1 o Dia D de vacina\u00e7\u00e3o contra o sarampo, com funcionamento de todas as Unidades B\u00e1sicas de Sa\u00fade (UBSs) das 8h \u00e0s 17h. A estrat\u00e9gia prev\u00ea, ainda, a instala\u00e7\u00e3o de postos extramuros em locais de grande circula\u00e7\u00e3o, ampliando o acesso da popula\u00e7\u00e3o ao imunizante.<\/p>\n<p style=\"text-align: justify;\">A vacina\u00e7\u00e3o contra o sarampo seguir\u00e1 dispon\u00edvel de forma cont\u00ednua na rede municipal. As doses s\u00e3o aplicadas nas UBSs de segunda a sexta-feira, das 7h \u00e0s 19h, e aos s\u00e1bados, no mesmo hor\u00e1rio, nas AMAs\/UBSs Integradas. A popula\u00e7\u00e3o pode consultar a unidade mais pr\u00f3xima por meio da plataforma Busca Sa\u00fade: <a href=\"https:\/\/buscasaude.prefeitura.sp.gov.br\" rel=\"nofollow noopener\" target=\"_blank\">https:\/\/buscasaude.prefeitura.sp.gov.br<\/a>.<\/p>\n<p style=\"text-align: justify;\">O esquema vacinal contra o sarampo contempla pessoas com idade entre 12 meses e 29 anos, com duas doses em intervalo m\u00ednimo de 30 dias entre as doses. Na faixa et\u00e1ria entre 30 e 59 anos, a imuniza\u00e7\u00e3o \u00e9 em dose \u00fanica. Para trabalhadores da \u00e1rea da sa\u00fade, independentemente da idade, s\u00e3o duas doses em intervalo m\u00ednimo de 30 dias.<\/p>\n","protected":false},"excerpt":{"rendered":"Contrato de Gest\u00e3o S\u00e3o Mateus integra esfor\u00e7os da Prefeitura para amplia\u00e7\u00e3o da imuniza\u00e7\u00e3o e a\u00e7\u00f5es extramuros durante o&hellip;\n","protected":false},"author":2,"featured_media":231495,"comment_status":"","ping_status":"","sticky":false,"template":"","format":"standard","meta":{"footnotes":""},"categories":[86],"tags":[116,32,33,117],"class_list":{"0":"post-231494","1":"post","2":"type-post","3":"status-publish","4":"format-standard","5":"has-post-thumbnail","7":"category-saude","8":"tag-health","9":"tag-portugal","10":"tag-pt","11":"tag-saude"},"share_on_mastodon":{"url":"https:\/\/pubeurope.com\/@pt\/115905178365281819","error":""},"_links":{"self":[{"href":"https:\/\/www.europesays.com\/pt\/wp-json\/wp\/v2\/posts\/231494","targetHints":{"allow":["GET"]}}],"collection":[{"href":"https:\/\/www.europesays.com\/pt\/wp-json\/wp\/v2\/posts"}],"about":[{"href":"https:\/\/www.europesays.com\/pt\/wp-json\/wp\/v2\/types\/post"}],"author":[{"embeddable":true,"href":"https:\/\/www.europesays.com\/pt\/wp-json\/wp\/v2\/users\/2"}],"replies":[{"embeddable":true,"href":"https:\/\/www.europesays.com\/pt\/wp-json\/wp\/v2\/comments?post=231494"}],"version-history":[{"count":0,"href":"https:\/\/www.europesays.com\/pt\/wp-json\/wp\/v2\/posts\/231494\/revisions"}],"wp:featuredmedia":[{"embeddable":true,"href":"https:\/\/www.europesays.com\/pt\/wp-json\/wp\/v2\/media\/231495"}],"wp:attachment":[{"href":"https:\/\/www.europesays.com\/pt\/wp-json\/wp\/v2\/media?parent=231494"}],"wp:term":[{"taxonomy":"category","embeddable":true,"href":"https:\/\/www.europesays.com\/pt\/wp-json\/wp\/v2\/categories?post=231494"},{"taxonomy":"post_tag","embeddable":true,"href":"https:\/\/www.europesays.com\/pt\/wp-json\/wp\/v2\/tags?post=231494"}],"curies":[{"name":"wp","href":"https:\/\/api.w.org\/{rel}","templated":true}]}}