{"id":231496,"date":"2026-01-16T14:10:12","date_gmt":"2026-01-16T14:10:12","guid":{"rendered":"https:\/\/www.europesays.com\/pt\/231496\/"},"modified":"2026-01-16T14:10:12","modified_gmt":"2026-01-16T14:10:12","slug":"eu-nunca-tinha-ouvido-falar-disto-jessica-athayde-sofre-de-uma-limitacao-fisica-inesperada-novelas","status":"publish","type":"post","link":"https:\/\/www.europesays.com\/pt\/231496\/","title":{"rendered":"\u00abEu nunca tinha ouvido falar disto\u00bb: J\u00e9ssica Athayde sofre de uma limita\u00e7\u00e3o f\u00edsica inesperada &#8211; Novelas"},"content":{"rendered":"<p><strong>A atriz <a href=\"https:\/\/tvi.iol.pt\/novelas\/jessica-athayde\/passagem-de-ano\/jessica-athayde-faz-desabafo-sobre-tema-polemico-sempre-achei-profundamente-inutil\" rel=\"nofollow noopener\" target=\"_blank\">Jessica Athayde <\/a>\u00a0mulher do ator Diogo Amaral voltou a ser tema de conversa nas redes sociais<\/strong>, depois de partilhar um desabafo pessoal relacionado com a sua sa\u00fade. A atriz recorreu \u00e0s plataformas digitais para falar abertamente sobre um problema f\u00edsico que est\u00e1 a enfrentar e que tem condicionado a sua rotina di\u00e1ria.<\/p>\n<p>Segundo explicou, foi diagnosticada com <strong>bursite<\/strong>, uma condi\u00e7\u00e3o que afeta o ombro e que, at\u00e9 ent\u00e3o, lhe era completamente desconhecida. De acordo com o site <strong><a href=\"https:\/\/www.saudebemestar.pt\/pt\/clinica\/ortopedia\/bursite-no-ombro\/\" rel=\"nofollow noopener\" target=\"_blank\">Sa\u00fade e Bem-Estar, <\/a><\/strong>a bursite \u00e9 uma <strong>\u00abinflama\u00e7\u00e3o das bolsas sinoviais (ou bursas) que existem \u00e0 volta desta articula\u00e7\u00e3o e dos tend\u00f5es da coifa dos rotadores. \u00c9 uma das causas mais frequentes de dor nesta articula\u00e7\u00e3o. Pode ser bilateral, atingindo quer o ombro esquerdo quer o ombro direito. Pode cursar de uma forma aguda ou evoluir para uma bursite cr\u00f3nica no ombro\u00bb.<\/strong><\/p>\n<p>Al\u00e9m da bursite, a atriz revelou que sofre tamb\u00e9m de <strong>tendinite no mesmo ombro<\/strong>, o que agrava as limita\u00e7\u00f5es f\u00edsicas. Num desabafo espont\u00e2neo e bem-humorado, Jessica Athayde partilhou com os seguidores a frustra\u00e7\u00e3o associada ao diagn\u00f3stico e \u00e0s consequ\u00eancias no seu dia a dia:<\/p>\n<p><strong>\u00abAlgu\u00e9m aqui j\u00e1 tinha ouvido falar a sobre Bursite? Portanto eu tenho Bursite e tendinite neste ombro, (\u2026) que faz com que Eu N\u00e3o possa ir nadar, faz com que eu amanh\u00e3 tenha de come\u00e7ar a fazer fisioterapia, algu\u00e9m aqui j\u00e1 teve? eu nunca tinha ouvido falar disto antes e n\u00e3o sei qual \u00e9 que \u00e9 a forma mais r\u00e1pida de recupera\u00e7\u00e3o\u2026 ISTO j\u00e1 \u00e9 cena de velha\u00bb<\/strong>, escreveu a atriz.<\/p>\n<p><strong>A impossibilidade de praticar exerc\u00edcio f\u00edsico<\/strong>, nomeadamente nata\u00e7\u00e3o, e o in\u00edcio iminente de sess\u00f5es de fisioterapia foram alguns dos pontos que mais destacou na sua partilha. O tom descontra\u00eddo n\u00e3o esconde, no entanto, o impacto real que a condi\u00e7\u00e3o est\u00e1 a ter na sua qualidade de vida.<\/p>\n<p>A publica\u00e7\u00e3o gerou rapidamente in\u00fameras rea\u00e7\u00f5es, com muitos seguidores a partilharem experi\u00eancias semelhantes e a deixarem mensagens de apoio. <strong>O desabafo sincero de Jessica Athayde voltou a evidenciar a import\u00e2ncia de falar abertamente sobre sa\u00fade<\/strong>, ajudando a desmistificar problemas f\u00edsicos comuns, mas muitas vezes pouco conhecidos, mesmo entre pessoas jovens e ativas.<\/p>\n","protected":false},"excerpt":{"rendered":"A atriz Jessica Athayde \u00a0mulher do ator Diogo Amaral voltou a ser tema de conversa nas redes sociais,&hellip;\n","protected":false},"author":2,"featured_media":231497,"comment_status":"","ping_status":"","sticky":false,"template":"","format":"standard","meta":{"footnotes":""},"categories":[85],"tags":[160,44277,166,2663,114,115,157,167,11436,164,161,158,165,159,32,33,156,40533,163,162],"class_list":{"0":"post-231496","1":"post","2":"type-post","3":"status-publish","4":"format-standard","5":"has-post-thumbnail","7":"category-entretenimento","8":"tag-ana-guiomar","9":"tag-bursite","10":"tag-cristina-ferreira","11":"tag-diogo-amaral","12":"tag-entertainment","13":"tag-entretenimento","14":"tag-festa-e-festa","15":"tag-ficcao","16":"tag-jessica-athayde","17":"tag-jose-fidalgo","18":"tag-novelas","19":"tag-para-sempre","20":"tag-pedro-sousa","21":"tag-pedro-teixeira","22":"tag-portugal","23":"tag-pt","24":"tag-queridos-papas","25":"tag-tendinite","26":"tag-tiago-teotonio-pereira","27":"tag-tvi"},"share_on_mastodon":{"url":"https:\/\/pubeurope.com\/@pt\/115905181940452859","error":""},"_links":{"self":[{"href":"https:\/\/www.europesays.com\/pt\/wp-json\/wp\/v2\/posts\/231496","targetHints":{"allow":["GET"]}}],"collection":[{"href":"https:\/\/www.europesays.com\/pt\/wp-json\/wp\/v2\/posts"}],"about":[{"href":"https:\/\/www.europesays.com\/pt\/wp-json\/wp\/v2\/types\/post"}],"author":[{"embeddable":true,"href":"https:\/\/www.europesays.com\/pt\/wp-json\/wp\/v2\/users\/2"}],"replies":[{"embeddable":true,"href":"https:\/\/www.europesays.com\/pt\/wp-json\/wp\/v2\/comments?post=231496"}],"version-history":[{"count":0,"href":"https:\/\/www.europesays.com\/pt\/wp-json\/wp\/v2\/posts\/231496\/revisions"}],"wp:featuredmedia":[{"embeddable":true,"href":"https:\/\/www.europesays.com\/pt\/wp-json\/wp\/v2\/media\/231497"}],"wp:attachment":[{"href":"https:\/\/www.europesays.com\/pt\/wp-json\/wp\/v2\/media?parent=231496"}],"wp:term":[{"taxonomy":"category","embeddable":true,"href":"https:\/\/www.europesays.com\/pt\/wp-json\/wp\/v2\/categories?post=231496"},{"taxonomy":"post_tag","embeddable":true,"href":"https:\/\/www.europesays.com\/pt\/wp-json\/wp\/v2\/tags?post=231496"}],"curies":[{"name":"wp","href":"https:\/\/api.w.org\/{rel}","templated":true}]}}