{"id":231498,"date":"2026-01-16T14:12:08","date_gmt":"2026-01-16T14:12:08","guid":{"rendered":"https:\/\/www.europesays.com\/pt\/231498\/"},"modified":"2026-01-16T14:12:08","modified_gmt":"2026-01-16T14:12:08","slug":"empresa-japonesa-de-producao-de-electronica-para-automoveis-de-ovar-despede-163-trabalhadores","status":"publish","type":"post","link":"https:\/\/www.europesays.com\/pt\/231498\/","title":{"rendered":"Empresa japonesa de produ\u00e7\u00e3o de electr\u00f3nica para autom\u00f3veis de Ovar despede 163 trabalhadores"},"content":{"rendered":"<p>&#13;<br \/>\nA administra\u00e7\u00e3o da Yazaki Saltano explica, em comunicado, que estes despedimentos s\u00e3o necess\u00e1rios para garantir que a empresa continua a funcionar em Portugal.&#13;\n<\/p>\n<p>Adianta tamb\u00e9m que foi criado um gabinete de apoio para os trabalhadores que v\u00e3o ser despedidos.<\/p>\n<p>O presidente da c\u00e2mara de Ovar, Domingos Silva, em declara\u00e7\u00f5es \u00e0 Antena 1, n\u00e3o esconde a preocupa\u00e7\u00e3o de um novo despedimento nesta f\u00e1brica de componentes para autom\u00f3veis e informa que estes trabalhadores que podem recorrer aos servi\u00e7os sociais de autarquia, em caso de necessidade.<br \/>&#13;\n<\/p>\n<p>          <img decoding=\"async\" itemprop=\"image\" class=\"img-fluid\"   src=\"https:\/\/www.europesays.com\/pt\/wp-content\/uploads\/2026\/01\/1768572728_462_bg_playeraudio_4.jpg\"\/><\/p>\n<p>\nTamb\u00e9m Justino Pereira, presidente do Sindicato dos Trabalhadores das Industrias Transformadoras do Norte, exorta o Governo a fazer mais pelos trabalhadores do que simplesmente mediar as negocia\u00e7\u00f5es entre a empresa e os funcion\u00e1rios despedidos.<\/p>\n<p>          <img decoding=\"async\" itemprop=\"image\" class=\"img-fluid\"   src=\"https:\/\/www.europesays.com\/pt\/wp-content\/uploads\/2026\/01\/1768572728_462_bg_playeraudio_4.jpg\"\/><\/p>\n<p>\nApesar desta situa\u00e7\u00e3o o presidente da Associa\u00e7\u00e3o Comercial e Empresarial do Distrito de Aveiro, Jorge Silva, acredita que estes despedimentos n\u00e3o v\u00e3o ter grande impacto na regi\u00e3o, na medida em que os trabalhadores dever\u00e3o conseguir rapidamente novas oportunidades de emprego.<\/p>\n","protected":false},"excerpt":{"rendered":"&#13; A administra\u00e7\u00e3o da Yazaki Saltano explica, em comunicado, que estes despedimentos s\u00e3o necess\u00e1rios para garantir que a&hellip;\n","protected":false},"author":2,"featured_media":231499,"comment_status":"","ping_status":"","sticky":false,"template":"","format":"standard","meta":{"footnotes":""},"categories":[83],"tags":[88,89,90,13,32,33,420,421],"class_list":{"0":"post-231498","1":"post","2":"type-post","3":"status-publish","4":"format-standard","5":"has-post-thumbnail","7":"category-empresas","8":"tag-business","9":"tag-economy","10":"tag-empresas","11":"tag-noticias","12":"tag-portugal","13":"tag-pt","14":"tag-rtp","15":"tag-rtp-noticias"},"share_on_mastodon":{"url":"https:\/\/pubeurope.com\/@pt\/115905189894439571","error":""},"_links":{"self":[{"href":"https:\/\/www.europesays.com\/pt\/wp-json\/wp\/v2\/posts\/231498","targetHints":{"allow":["GET"]}}],"collection":[{"href":"https:\/\/www.europesays.com\/pt\/wp-json\/wp\/v2\/posts"}],"about":[{"href":"https:\/\/www.europesays.com\/pt\/wp-json\/wp\/v2\/types\/post"}],"author":[{"embeddable":true,"href":"https:\/\/www.europesays.com\/pt\/wp-json\/wp\/v2\/users\/2"}],"replies":[{"embeddable":true,"href":"https:\/\/www.europesays.com\/pt\/wp-json\/wp\/v2\/comments?post=231498"}],"version-history":[{"count":0,"href":"https:\/\/www.europesays.com\/pt\/wp-json\/wp\/v2\/posts\/231498\/revisions"}],"wp:featuredmedia":[{"embeddable":true,"href":"https:\/\/www.europesays.com\/pt\/wp-json\/wp\/v2\/media\/231499"}],"wp:attachment":[{"href":"https:\/\/www.europesays.com\/pt\/wp-json\/wp\/v2\/media?parent=231498"}],"wp:term":[{"taxonomy":"category","embeddable":true,"href":"https:\/\/www.europesays.com\/pt\/wp-json\/wp\/v2\/categories?post=231498"},{"taxonomy":"post_tag","embeddable":true,"href":"https:\/\/www.europesays.com\/pt\/wp-json\/wp\/v2\/tags?post=231498"}],"curies":[{"name":"wp","href":"https:\/\/api.w.org\/{rel}","templated":true}]}}