{"id":231500,"date":"2026-01-16T14:13:07","date_gmt":"2026-01-16T14:13:07","guid":{"rendered":"https:\/\/www.europesays.com\/pt\/231500\/"},"modified":"2026-01-16T14:13:07","modified_gmt":"2026-01-16T14:13:07","slug":"aviso-aos-eua-invadir-gronelandia-e-arriscar-as-relacoes-comerciais-com-a-europa","status":"publish","type":"post","link":"https:\/\/www.europesays.com\/pt\/231500\/","title":{"rendered":"Aviso aos EUA. Invadir Gronel\u00e2ndia \u00e9 arriscar as rela\u00e7\u00f5es comerciais com a Europa"},"content":{"rendered":"<p>                O ministro franc\u00eas das Finan\u00e7as adverte que qualquer tentativa dos EUA para tomar o controlo da Gronel\u00e2ndia colocar\u00e1 em perigo as rela\u00e7\u00f5es econ\u00f3micas com a Uni\u00e3o Europeia. <\/p>\n<p>A Gronel\u00e2ndia \u00e9 um territ\u00f3rio que faz parte de um Estado soberano que \u00e9 membro da UE e isso \u201cn\u00e3o deve ser desvalorizado\u201d, sob pena de se cruzar uma \u201clinha vermelha\u201d, o que \u201cter\u00e1 consequ\u00eancias\u201d naquela que \u00e9, de longe, a mais importante parceria comercial do mundo, sublinhou Roland Lescure em entrevista hoje publicada no jornal Financial Times. <\/p>\n<p>O governante franc\u00eas revelou que j\u00e1 fez eco destas preocupa\u00e7\u00f5es numa mensagem enviada na segunda-feira ao hom\u00f3logo americano, o secret\u00e1rio do Tesouro Scott Bessent, enfatizando o \u201cprofundo desconforto\u201d dos europeus perante as ambi\u00e7\u00f5es do presidente Donald Trump relativamente ao territ\u00f3rio \u00e1rtico semiaut\u00f3nomo que pertence ao reino da Dinamarca.<\/p>\n<p>Confrontado com a pergunta sobre se a UE dever\u00e1 retaliar com san\u00e7\u00f5es econ\u00f3micas a uma eventual invas\u00e3o americana da Gronel\u00e2ndia, Lescure n\u00e3o foi taxativo, mas considerou que isso equivaleria a um \u201cnovo mundo com novas circunst\u00e2ncias \u00e0s quais ter\u00edamos de nos adaptar em conformidade\u201d. <\/p>\n<p>Refira-se que em 2024, segundo os mais recentes dados estat\u00edsticos da UE, o valor total das trocas comerciais de bens e servi\u00e7os entre o bloco europeu e os EUA ascendeu a 1,6 bili\u00f5es de euros. Os Estados Unidos da Am\u00e9rica s\u00e3o o maior mercado para as exporta\u00e7\u00f5es europeias.<\/p>\n<p>Nas \u00faltimas semanas, Donald Trump tem causado apreens\u00e3o \u00e0 Europa ao retomar &#8211; e refor\u00e7ar \u2013 o discurso de que os EUA \u201ctomar\u00e3o posse\u201d da Gronel\u00e2ndia \u201cde uma maneira ou de outra\u201d, insistindo no pretexto de que &#8220;est\u00e1 em causa a seguran\u00e7a nacional&#8221;, o que torna imperioso &#8220;evitar que o territ\u00f3rio fique sob influ\u00eancia da China ou da R\u00fassia&#8221;. <\/p>\n<p>Para o ministro franc\u00eas das Finan\u00e7as, ainda em declara\u00e7\u00f5es ao FT, essa atitude consiste no mais recente exemplo do \u201dparadoxo\u201d que carateriza a pol\u00edtica externa da atual administra\u00e7\u00e3o americana, que \u201cpor vezes se comporta como uma aliada e, por outras, como uma advers\u00e1ria imprevis\u00edvel\u201d dos europeus.&#13;\n<\/p>\n<p>&#13;<br \/>\nOpera\u00e7\u00e3o Arctic Endurance<br \/>&#13;\n<\/p>\n<p>&#13;<br \/>\nA Dinamarca anunciou na quarta-feira um aumento imediato das suas for\u00e7as na Gronel\u00e2ndia, bem como a realiza\u00e7\u00e3o de exerc\u00edcios militares, num esfor\u00e7o para aliviar as preocupa\u00e7\u00f5es declaradas por Washington sobre a seguran\u00e7a do territ\u00f3rio e da regi\u00e3o do \u00c1rtico.\u00a0Fran\u00e7a, Alemanha, Su\u00e9cia, Noruega, Finl\u00e2ndia e Pa\u00edses Baixos aderiram \u00e0 Opera\u00e7\u00e3o\u00a0Arctic Endurance e confirmaram o envio de tropas para a regi\u00e3o.\u00a0&#13;\n<\/p>\n<p>&#13;<br \/>\nA iniciativa foi j\u00e1 desvalorizada pela Casa Branca, que, por interm\u00e9dio da porta-voz Karoline Leavitt, considerou n\u00e3o ter &#8220;qualquer impacto na tomada de decis\u00f5es do Presidente, e n\u00e3o tem impacto no seu objetivo de adquirir a Gronel\u00e2ndia&#8221;.\u00a0&#13;\n<\/p>\n<p>&#13;<br \/>\nPretens\u00e3o que, para Copenhaga, est\u00e1 &#8220;fora de quest\u00e3o&#8221;: o ministro dinamarqu\u00eas dos Neg\u00f3cios Estrangeiros, Lars L\u00f8kke Rasmussen, reiterou ontem uma vez mais, em declara\u00e7\u00f5es \u00e0 televis\u00e3o p\u00fablica do seu pa\u00eds, que &#8220;nem a Dinamarca nem a Gronel\u00e2ndia desejam [o controlo americano da Gronel\u00e2ndia] e isso viola todas as normas internacionais&#8221;.\u00a0&#13;<\/p>\n","protected":false},"excerpt":{"rendered":"O ministro franc\u00eas das Finan\u00e7as adverte que qualquer tentativa dos EUA para tomar o controlo da Gronel\u00e2ndia colocar\u00e1&hellip;\n","protected":false},"author":2,"featured_media":231501,"comment_status":"","ping_status":"","sticky":false,"template":"","format":"standard","meta":{"footnotes":""},"categories":[50],"tags":[27,28,15,16,14,25,26,21,22,62,12,13,19,20,23,24,420,421,17,18,29,30,31,63,64,65],"class_list":{"0":"post-231500","1":"post","2":"type-post","3":"status-publish","4":"format-standard","5":"has-post-thumbnail","7":"category-mundo","8":"tag-breaking-news","9":"tag-breakingnews","10":"tag-featured-news","11":"tag-featurednews","12":"tag-headlines","13":"tag-latest-news","14":"tag-latestnews","15":"tag-main-news","16":"tag-mainnews","17":"tag-mundo","18":"tag-news","19":"tag-noticias","20":"tag-noticias-principais","21":"tag-noticiasprincipais","22":"tag-principais-noticias","23":"tag-principaisnoticias","24":"tag-rtp","25":"tag-rtp-noticias","26":"tag-top-stories","27":"tag-topstories","28":"tag-ultimas","29":"tag-ultimas-noticias","30":"tag-ultimasnoticias","31":"tag-world","32":"tag-world-news","33":"tag-worldnews"},"share_on_mastodon":{"url":"https:\/\/pubeurope.com\/@pt\/115905193793498396","error":""},"_links":{"self":[{"href":"https:\/\/www.europesays.com\/pt\/wp-json\/wp\/v2\/posts\/231500","targetHints":{"allow":["GET"]}}],"collection":[{"href":"https:\/\/www.europesays.com\/pt\/wp-json\/wp\/v2\/posts"}],"about":[{"href":"https:\/\/www.europesays.com\/pt\/wp-json\/wp\/v2\/types\/post"}],"author":[{"embeddable":true,"href":"https:\/\/www.europesays.com\/pt\/wp-json\/wp\/v2\/users\/2"}],"replies":[{"embeddable":true,"href":"https:\/\/www.europesays.com\/pt\/wp-json\/wp\/v2\/comments?post=231500"}],"version-history":[{"count":0,"href":"https:\/\/www.europesays.com\/pt\/wp-json\/wp\/v2\/posts\/231500\/revisions"}],"wp:featuredmedia":[{"embeddable":true,"href":"https:\/\/www.europesays.com\/pt\/wp-json\/wp\/v2\/media\/231501"}],"wp:attachment":[{"href":"https:\/\/www.europesays.com\/pt\/wp-json\/wp\/v2\/media?parent=231500"}],"wp:term":[{"taxonomy":"category","embeddable":true,"href":"https:\/\/www.europesays.com\/pt\/wp-json\/wp\/v2\/categories?post=231500"},{"taxonomy":"post_tag","embeddable":true,"href":"https:\/\/www.europesays.com\/pt\/wp-json\/wp\/v2\/tags?post=231500"}],"curies":[{"name":"wp","href":"https:\/\/api.w.org\/{rel}","templated":true}]}}