{"id":231507,"date":"2026-01-16T14:21:11","date_gmt":"2026-01-16T14:21:11","guid":{"rendered":"https:\/\/www.europesays.com\/pt\/231507\/"},"modified":"2026-01-16T14:21:11","modified_gmt":"2026-01-16T14:21:11","slug":"marvel-rivals-da-pista-sobre-possivel-sequencia-de-deadpool-wolverine","status":"publish","type":"post","link":"https:\/\/www.europesays.com\/pt\/231507\/","title":{"rendered":"Marvel Rivals d\u00e1 pista sobre poss\u00edvel sequ\u00eancia de Deadpool &#038; Wolverine"},"content":{"rendered":"<p class=\"wp-block-yoast-seo-estimated-reading-time yoast-reading-time__wrapper\">Estimated reading time: 2 minutos<\/p>\n<p>Com a atual temporada de <a href=\"https:\/\/ovicio.com.br\/jogo\/marvel-rivals\" target=\"_blank\" rel=\"noreferrer noopener nofollow\">Marvel Rivals<\/a> dando enorme destaque para o Mercen\u00e1rio Tagarela, jogo oferece poss\u00edvel pista sobre uma especulada sequ\u00eancia de <a href=\"https:\/\/ovicio.com.br\/filme\/deadpool-3\" target=\"_blank\" rel=\"noreferrer noopener nofollow\">Deadpool &amp; Wolverine<\/a>.<\/p>\n<p>Acontece que em um dos di\u00e1logos trocados entre os dois personagens e compartilhado nas redes, <strong>Wade Wilson<\/strong> diz algo um tanto sugestivo para <a href=\"https:\/\/ovicio.com.br\/filme\/logan\" target=\"_blank\" rel=\"noreferrer noopener nofollow\">Logan<\/a>:<\/p>\n<p><strong>&#8220;Eu tamb\u00e9m estou louco por uma sequ\u00eancia, amigo! Mas temos que esperar pelo menos at\u00e9 a Fase 7 [do MCU]<\/strong>&#8220;. Confira um trecho logo abaixo:<\/p>\n<p>Tratando-se do hil\u00e1rio anti-her\u00f3i da casa de ideias, a afirma\u00e7\u00e3o pode n\u00e3o passar de uma mera refer\u00eancia, embora o pr\u00f3prio <a href=\"https:\/\/ovicio.com.br\/tag\/kevin-feige\" target=\"_blank\" rel=\"noreferrer noopener nofollow\">Kevin Feige<\/a> j\u00e1 tenha admitido interesse em explorar mais da dupla nas telonas.<\/p>\n<p>A <strong>Fase 7<\/strong> do MCU, vale destacar, ser\u00e1 iniciada em 2028, ap\u00f3s o encerramento da atual <strong>Saga do Multiverso<\/strong> com <a href=\"https:\/\/ovicio.com.br\/filme\/vingadores-guerras-secretas\" target=\"_blank\" rel=\"noreferrer noopener nofollow\">Vingadores: Guerras Secretas<\/a>, que ser\u00e1 lan\u00e7ado em dezembro de 2027.<\/p>\n<p>Espera-se que <a href=\"https:\/\/ovicio.com.br\/tag\/ryan-reynolds\" target=\"_blank\" rel=\"noreferrer noopener nofollow\">Ryan Reynolds<\/a> e <strong>Hugh Jackman<\/strong> retornem no atual megaevento da franquia, embora a participa\u00e7\u00e3o dos dois permanece sem uma confirma\u00e7\u00e3o formal por parte do est\u00fadio.<\/p>\n<p><strong>Deadpool &amp; Wolverine (2024)<\/strong>, que arrecadou mais de<strong> US$ 1 bilh\u00e3o<\/strong> em bilheteria global, por sua vez, j\u00e1 est\u00e1 dispon\u00edvel no <a href=\"https:\/\/ovicio.com.br\/tag\/disneyplus\" target=\"_blank\" rel=\"noreferrer noopener nofollow\">Disney+<\/a>.<\/p>\n<p>Leia mais sobre Deadpool &amp; Wolverine:<\/p>\n<p><strong>Fonte: <\/strong><a href=\"https:\/\/thedirect.com\/article\/deadpool-new-movie-wolverine-mcu-phase-7\" target=\"_blank\" rel=\"noreferrer noopener nofollow\">The Direct<\/a>.<\/p>\n","protected":false},"excerpt":{"rendered":"Estimated reading time: 2 minutos Com a atual temporada de Marvel Rivals dando enorme destaque para o Mercen\u00e1rio&hellip;\n","protected":false},"author":2,"featured_media":231508,"comment_status":"","ping_status":"","sticky":false,"template":"","format":"standard","meta":{"footnotes":""},"categories":[140],"tags":[37738,37739,114,115,147,148,15412,33435,12733,146,32,33],"class_list":{"0":"post-231507","1":"post","2":"type-post","3":"status-publish","4":"format-standard","5":"has-post-thumbnail","7":"category-filmes","8":"tag-deadpool-wolverine","9":"tag-deadpool-3","10":"tag-entertainment","11":"tag-entretenimento","12":"tag-film","13":"tag-filmes","14":"tag-kevin-feige","15":"tag-marvel-rivals","16":"tag-marvel-studios","17":"tag-movies","18":"tag-portugal","19":"tag-pt"},"share_on_mastodon":{"url":"https:\/\/pubeurope.com\/@pt\/115905225315978598","error":""},"_links":{"self":[{"href":"https:\/\/www.europesays.com\/pt\/wp-json\/wp\/v2\/posts\/231507","targetHints":{"allow":["GET"]}}],"collection":[{"href":"https:\/\/www.europesays.com\/pt\/wp-json\/wp\/v2\/posts"}],"about":[{"href":"https:\/\/www.europesays.com\/pt\/wp-json\/wp\/v2\/types\/post"}],"author":[{"embeddable":true,"href":"https:\/\/www.europesays.com\/pt\/wp-json\/wp\/v2\/users\/2"}],"replies":[{"embeddable":true,"href":"https:\/\/www.europesays.com\/pt\/wp-json\/wp\/v2\/comments?post=231507"}],"version-history":[{"count":0,"href":"https:\/\/www.europesays.com\/pt\/wp-json\/wp\/v2\/posts\/231507\/revisions"}],"wp:featuredmedia":[{"embeddable":true,"href":"https:\/\/www.europesays.com\/pt\/wp-json\/wp\/v2\/media\/231508"}],"wp:attachment":[{"href":"https:\/\/www.europesays.com\/pt\/wp-json\/wp\/v2\/media?parent=231507"}],"wp:term":[{"taxonomy":"category","embeddable":true,"href":"https:\/\/www.europesays.com\/pt\/wp-json\/wp\/v2\/categories?post=231507"},{"taxonomy":"post_tag","embeddable":true,"href":"https:\/\/www.europesays.com\/pt\/wp-json\/wp\/v2\/tags?post=231507"}],"curies":[{"name":"wp","href":"https:\/\/api.w.org\/{rel}","templated":true}]}}