{"id":231513,"date":"2026-01-16T14:24:11","date_gmt":"2026-01-16T14:24:11","guid":{"rendered":"https:\/\/www.europesays.com\/pt\/231513\/"},"modified":"2026-01-16T14:24:11","modified_gmt":"2026-01-16T14:24:11","slug":"sara-norte-recorda-saida-da-prisao-nao-sou-santa-nem-nenhuma-heroina","status":"publish","type":"post","link":"https:\/\/www.europesays.com\/pt\/231513\/","title":{"rendered":"Sara Norte recorda sa\u00edda da pris\u00e3o: &#8220;N\u00e3o sou santa nem nenhuma hero\u00edna&#8221;"},"content":{"rendered":"<p>Sara Norte recordou uma das fases mais dif\u00edceis da sua vida: a passagem pela cadeia em Algeciras, Espanha, depois de ter sido condenada a 16 meses de pris\u00e3o por tr\u00e1fico de droga.<\/p>\n<p>A atriz partilhou duas imagens, precisamente do momento em que saiu em liberdade, e onde \u00e9 poss\u00edvel ver a sua emo\u00e7\u00e3o. No texto que acompanha as fotos, a comentadora do &#8220;Passadeira Vermelha&#8221; fez uma reflex\u00e3o do que viveu passados 13 anos do fim desta fase.<\/p>\n<p>&#8220;Este ano faz 13 anos que sa\u00ed do Centro Penitenci\u00e1rio de Botafuegos. T\u00eam sido anos de altos e baixos. A vida \u00e9 mesmo assim. Este ano estreia o \u00abDesnorte\u00bb e, por vezes, parece tudo um sonho porque estas coisas normalmente n\u00e3o acontecem a pessoas como eu&#8221;, refere a artista.<\/p>\n<p>&#8220;N\u00e3o sou santa, nem nenhuma hero\u00edna: sou uma pessoa que teve escolhas que nem sempre foram as melhores, mas nunca neguei o meu passado porque faz parte da minha hist\u00f3ria e de quem sou hoje. N\u00e3o sou nenhuma santa, e na verdade nem queria ser. Estes \u00faltimos dias t\u00eam sido para acalmar este cora\u00e7\u00e3o e preparar-me para o que a\u00ed vem. Seja o que for, estou preparada&#8221;, disse ainda a atriz.\u00a0<\/p>\n<blockquote class=\"instagram-media\" style=\"background: #FFF; border: 0; border-radius: 3px; box-shadow: 0 0 1px 0 rgba(0,0,0,0.5),0 1px 10px 0 rgba(0,0,0,0.15); margin: 1px; max-width: 540px; min-width: 326px; padding: 0; width: calc(100% - 2px);\" data-instgrm-captioned=\"\" data-instgrm-permalink=\"https:\/\/www.instagram.com\/p\/DTjLsWDAtwA\/?utm_source=ig_embed&amp;utm_campaign=loading\" data-instgrm-version=\"14\"><p>&#13;<br \/>\n                                                    &#13;\n                                                    <\/p><\/blockquote>\n<p>Nos coment\u00e1rios da publica\u00e7\u00e3o, v\u00e1rias caras conhecidas e f\u00e3s da atriz fizeram quest\u00e3o de comentar, dando for\u00e7a e enviando palavras de coragem por ter conseguido superar tantos desafios na vida.\u00a0<\/p>\n<p>&#8220;Parab\u00e9ns! For\u00e7a&#8221;, comentou a atriz \u00c2ngela Pinto. &#8220;Maravilhosa&#8221;, escreveu Rosa Bela. Luciana Abreu, D\u00e9bora Monteiro e Ana Sofia Martins tamb\u00e9m fizeram quest\u00e3o de deixar o seu carinho na partilha.\u00a0<\/p>\n<p>&#8220;Acompanhei toda a tua jornada, at\u00e9 porque tenho a tua idade e via o famoso \u00abM\u00e9dico de Fam\u00edlia\u00bb religiosamente, e acompanhei porque de onde eu vim, nasci e cresci era f\u00e1cil ter o mesmo destino. Ningu\u00e9m \u00e9 santo, mas ca\u00edmos e levantamos e o que nos define \u00e9 se continuamos no erro ou se fazemos dele exemplo para n\u00e3o repetir&#8221;, referiu uma f\u00e3 da comentadora.\u00a0<\/p>\n<p>&#8220;Este \u00e9 o teu ano. Est\u00e1 mais que na altura de vermos reconhecido o teu valor, o teu talento, o teu empenho e a tua coragem&#8221;; &#8220;\u00c9s uma super humana! E mereces todas as b\u00ean\u00e7\u00e3os deste mundo&#8221;; E ainda: &#8220;For\u00e7a, querida Sara! Tudo de bom para si, muita sa\u00fade, sucesso e felicidades&#8221;, escreveram ainda outras seguidoras da cara da SIC.<\/p>\n<p>Recorde-se que a s\u00e9rie &#8220;Desnorte&#8221;, protagonizada por B\u00e1rbara Branco, vai para o ar este ano. O projeto relata a vida de Sara Norte nas fases mais complicadas da sua vida, nomeadamente o per\u00edodo passado na pris\u00e3o.<\/p>\n<p>                                                    <img decoding=\"async\" height=\"640\" with=\"360\" src=\"https:\/\/www.europesays.com\/pt\/wp-content\/uploads\/2026\/01\/naom_6950f3b54a0ab.jpg\" border=\"0\" alt=\"Sara Norte comovida com fim das grava\u00e7\u00f5es da s\u00e9rie sobre a sua vida\"\/><\/p>\n<p>A atriz Sara Norte concluiu as grava\u00e7\u00f5es da s\u00e9rie &#8220;44&#8221;, que narra a sua hist\u00f3ria de vida. Emocionada, Sara partilhou imagens das grava\u00e7\u00f5es nas redes sociais e expressou a sua felicidade por ter participado no projeto.<\/p>\n<p>                                                     Not\u00edcias ao Minuto | 10:52 &#8211; 28\/12\/2025 <\/p>\n<p>                                            <script async src=\"\/\/www.instagram.com\/embed.js\"><\/script><\/p>\n","protected":false},"excerpt":{"rendered":"Sara Norte recordou uma das fases mais dif\u00edceis da sua vida: a passagem pela cadeia em Algeciras, Espanha,&hellip;\n","protected":false},"author":2,"featured_media":231514,"comment_status":"","ping_status":"","sticky":false,"template":"","format":"standard","meta":{"footnotes":""},"categories":[85],"tags":[114,115,32,33],"class_list":{"0":"post-231513","1":"post","2":"type-post","3":"status-publish","4":"format-standard","5":"has-post-thumbnail","7":"category-entretenimento","8":"tag-entertainment","9":"tag-entretenimento","10":"tag-portugal","11":"tag-pt"},"share_on_mastodon":{"url":"https:\/\/pubeurope.com\/@pt\/115905237065132082","error":""},"_links":{"self":[{"href":"https:\/\/www.europesays.com\/pt\/wp-json\/wp\/v2\/posts\/231513","targetHints":{"allow":["GET"]}}],"collection":[{"href":"https:\/\/www.europesays.com\/pt\/wp-json\/wp\/v2\/posts"}],"about":[{"href":"https:\/\/www.europesays.com\/pt\/wp-json\/wp\/v2\/types\/post"}],"author":[{"embeddable":true,"href":"https:\/\/www.europesays.com\/pt\/wp-json\/wp\/v2\/users\/2"}],"replies":[{"embeddable":true,"href":"https:\/\/www.europesays.com\/pt\/wp-json\/wp\/v2\/comments?post=231513"}],"version-history":[{"count":0,"href":"https:\/\/www.europesays.com\/pt\/wp-json\/wp\/v2\/posts\/231513\/revisions"}],"wp:featuredmedia":[{"embeddable":true,"href":"https:\/\/www.europesays.com\/pt\/wp-json\/wp\/v2\/media\/231514"}],"wp:attachment":[{"href":"https:\/\/www.europesays.com\/pt\/wp-json\/wp\/v2\/media?parent=231513"}],"wp:term":[{"taxonomy":"category","embeddable":true,"href":"https:\/\/www.europesays.com\/pt\/wp-json\/wp\/v2\/categories?post=231513"},{"taxonomy":"post_tag","embeddable":true,"href":"https:\/\/www.europesays.com\/pt\/wp-json\/wp\/v2\/tags?post=231513"}],"curies":[{"name":"wp","href":"https:\/\/api.w.org\/{rel}","templated":true}]}}