{"id":231517,"date":"2026-01-16T14:27:12","date_gmt":"2026-01-16T14:27:12","guid":{"rendered":"https:\/\/www.europesays.com\/pt\/231517\/"},"modified":"2026-01-16T14:27:12","modified_gmt":"2026-01-16T14:27:12","slug":"acordo-uniao-europeia-mercosul-vai-criar-a-maior-zona-de-comercio-livre-do-mundo","status":"publish","type":"post","link":"https:\/\/www.europesays.com\/pt\/231517\/","title":{"rendered":"Acordo Uni\u00e3o Europeia &#8211; Mercosul vai criar a maior zona de com\u00e9rcio livre do mundo"},"content":{"rendered":"<p>&#13;<br \/>\nO acordo comercial entre a Uni\u00e3o Europeia e o Mercosul permitir\u00e1 eliminar tarifas para 91% das exporta\u00e7\u00f5es europeias destinadas aos pa\u00edses sul\u2011americanos e para 92% das vendas do Mercosul para o mercado europeu.\u00a0&#13;\n<\/p>\n<p>          <img decoding=\"async\" itemprop=\"image\" class=\"img-fluid\"   src=\"https:\/\/www.europesays.com\/pt\/wp-content\/uploads\/2026\/01\/1768573632_999_bg_playeraudio_4.jpg\"\/><\/p>\n<p> Andreia Neves &#8211; Antena 1<\/p>\n<p>&#13;<br \/>\nNo total, ser\u00e1 criado um espa\u00e7o econ\u00f3mico integrado que representa mais de 700 milh\u00f5es de consumidores e um PIB conjunto superior a 22 bili\u00f5es de d\u00f3lares, segundo dados da Comiss\u00e3o Europeia.&#13;\n<\/p>\n<p>&#13;<br \/>\n<br \/>&#13;<br \/>\nPara Bruxelas, este tratado abre o acesso a um mercado historicamente protegido, sobretudo nos setores onde a ind\u00fastria europeia \u00e9 mais competitiva. Entre os beneficiados destacam\u2011se a ind\u00fastria autom\u00f3vel e a maquinaria industrial, segmentos nos quais hoje vigoram tarifas entre 35% e 14%, que desaparecer\u00e3o de forma progressiva ap\u00f3s a entrada em vigor do acordo.&#13;\n<\/p>\n<p>&#13;<br \/>\n<br \/>&#13;<br \/>\nO impacto ser\u00e1 igualmente significativo para outros setores industriais, como o qu\u00edmico e o farmac\u00eautico, bem como para os produtos agroalimentares com denomina\u00e7\u00f5es de origem protegida, incluindo vinhos e queijos.&#13;\n<\/p>\n<p>&#13;<br \/>\n<br \/>&#13;<br \/>\nNo caso portugu\u00eas, produtos estrat\u00e9gicos como o azeite e o vinho \u2014 duas das principais exporta\u00e7\u00f5es nacionais para o Brasil \u2014 dever\u00e3o ver as suas tarifas reduzidas e, posteriormente, eliminadas. A expectativa \u00e9 de que este al\u00edvio tarif\u00e1rio abra espa\u00e7o \u00e0 expans\u00e3o das vendas nacionais no maior mercado sul\u2011americano.&#13;\n<\/p>\n<p>&#13;<br \/>\n<br \/>&#13;<br \/>\nDe acordo com a Comiss\u00e3o Europeia, as exporta\u00e7\u00f5es agroalimentares da UE para o Mercosul atingiram 3,3 mil milh\u00f5es de euros em 2024. Em comunicado, Bruxelas sublinha que a elimina\u00e7\u00e3o das tarifas mais elevadas ir\u00e1 \u201cimpulsionar as vendas externas europeias, especialmente nos produtos de maior interesse exportador\u201d.<br \/>&#13;\n<\/p>\n<p>&#13;<br \/>\nLogo \u00e0s quatro da tarde a presidente da Comiss\u00e3o Europeia , Ursula Von Der Leyen, sendo que o presidente do Conselho Europeu, Ant\u00f3nio Costa vai estar presente esta sexta-feira no Rio de Janeiro no Pal\u00e1cio Itamariti para um encontro com o presidente Lula da Silva.&#13;\n<\/p>\n<p>&#13;<br \/>\nA reuni\u00e3o acontece na v\u00e9spera da assinatura formal do acordo comercial entre a Uni\u00e3o Europeia e o Mercosul, em Assun\u00e7\u00e3o no Paraguai. Uma forma de puxar para o Brasil a import\u00e2ncia pol\u00edtica do acordo alcan\u00e7ado.&#13;\n<\/p>\n<p>&#13;<br \/>\nLula da Silva n\u00e3o vai estar amanh\u00e3 no Paraguai. O Brasil \u00e9 representado pelo ministro dos Neg\u00f3cios Estrangeiros, tornando a assinatura no Paraguai um ato t\u00e9cnico e diplom\u00e1tico.&#13;\n<\/p>\n<p>O Paraguai tentou elevar a cerim\u00f3nia de amanh\u00e3 para o n\u00edvel mais alto com os chefes de Estado, mas a iniciativa provocou desconforto entre os pa\u00edses da Am\u00e9rica do Sul, sobretudo o Brasil. <\/p>\n","protected":false},"excerpt":{"rendered":"&#13; O acordo comercial entre a Uni\u00e3o Europeia e o Mercosul permitir\u00e1 eliminar tarifas para 91% das exporta\u00e7\u00f5es&hellip;\n","protected":false},"author":2,"featured_media":231518,"comment_status":"","ping_status":"","sticky":false,"template":"","format":"standard","meta":{"footnotes":""},"categories":[50],"tags":[27,28,15,16,14,25,26,21,22,62,12,13,19,20,23,24,420,421,17,18,29,30,31,63,64,65],"class_list":{"0":"post-231517","1":"post","2":"type-post","3":"status-publish","4":"format-standard","5":"has-post-thumbnail","7":"category-mundo","8":"tag-breaking-news","9":"tag-breakingnews","10":"tag-featured-news","11":"tag-featurednews","12":"tag-headlines","13":"tag-latest-news","14":"tag-latestnews","15":"tag-main-news","16":"tag-mainnews","17":"tag-mundo","18":"tag-news","19":"tag-noticias","20":"tag-noticias-principais","21":"tag-noticiasprincipais","22":"tag-principais-noticias","23":"tag-principaisnoticias","24":"tag-rtp","25":"tag-rtp-noticias","26":"tag-top-stories","27":"tag-topstories","28":"tag-ultimas","29":"tag-ultimas-noticias","30":"tag-ultimasnoticias","31":"tag-world","32":"tag-world-news","33":"tag-worldnews"},"share_on_mastodon":{"url":"https:\/\/pubeurope.com\/@pt\/115905248981762433","error":""},"_links":{"self":[{"href":"https:\/\/www.europesays.com\/pt\/wp-json\/wp\/v2\/posts\/231517","targetHints":{"allow":["GET"]}}],"collection":[{"href":"https:\/\/www.europesays.com\/pt\/wp-json\/wp\/v2\/posts"}],"about":[{"href":"https:\/\/www.europesays.com\/pt\/wp-json\/wp\/v2\/types\/post"}],"author":[{"embeddable":true,"href":"https:\/\/www.europesays.com\/pt\/wp-json\/wp\/v2\/users\/2"}],"replies":[{"embeddable":true,"href":"https:\/\/www.europesays.com\/pt\/wp-json\/wp\/v2\/comments?post=231517"}],"version-history":[{"count":0,"href":"https:\/\/www.europesays.com\/pt\/wp-json\/wp\/v2\/posts\/231517\/revisions"}],"wp:featuredmedia":[{"embeddable":true,"href":"https:\/\/www.europesays.com\/pt\/wp-json\/wp\/v2\/media\/231518"}],"wp:attachment":[{"href":"https:\/\/www.europesays.com\/pt\/wp-json\/wp\/v2\/media?parent=231517"}],"wp:term":[{"taxonomy":"category","embeddable":true,"href":"https:\/\/www.europesays.com\/pt\/wp-json\/wp\/v2\/categories?post=231517"},{"taxonomy":"post_tag","embeddable":true,"href":"https:\/\/www.europesays.com\/pt\/wp-json\/wp\/v2\/tags?post=231517"}],"curies":[{"name":"wp","href":"https:\/\/api.w.org\/{rel}","templated":true}]}}