{"id":231519,"date":"2026-01-16T14:28:17","date_gmt":"2026-01-16T14:28:17","guid":{"rendered":"https:\/\/www.europesays.com\/pt\/231519\/"},"modified":"2026-01-16T14:28:17","modified_gmt":"2026-01-16T14:28:17","slug":"portas-fechadas-e-clientes-orfaos-porque-encerram-os-cafes-e-restaurantes-de-bairro","status":"publish","type":"post","link":"https:\/\/www.europesays.com\/pt\/231519\/","title":{"rendered":"Portas fechadas e clientes orf\u00e3os: porque encerram os caf\u00e9s e restaurantes de bairro?"},"content":{"rendered":"<p>No pequeno largo da entrada da Esta\u00e7\u00e3o do Rossio, no cora\u00e7\u00e3o de Lisboa, n\u00e3o se acumula gente como antes. Os sem\u00e1foros juntam turistas e uma cafetaria multinacional tamb\u00e9m, mas n\u00e3o por muito tempo. O lugar est\u00e1 estranho para quem sempre conheceu gente em magotes e fila \u00e0 porta da Beira Gare. O restaurante e snack-bar famoso pelas bifanas feitas numa frigideira \u00e0 janela fechou em julho de 2025 e agora as suas montras de gaveto est\u00e3o pintadas a spray branco, a dissuadir curiosos. <\/p>\n<p><a href=\"https:\/\/expresso.pt\/subscrever?action=GEN&amp;channel=BAF&amp;type=CAP&amp;source=WEB&amp;returnUrl=https:\/\/expresso.pt\/economia\/2026-01-16-portas-fechadas-e-clientes-orfaos-porque-encerram-os-cafes-e-restaurantes-de-bairro--ae28eb84&amp;utm_source=expresso&amp;utm_medium=locked_article&amp;locked=true&amp;article_id=7eafa12c-75bf-4366-99fc-a92a34ade1d4&amp;author_id=Catarina+Moura&amp;category=Economia\" target=\"_self\" class=\"\" rel=\"nofollow noopener\">Subscrever<\/a>J\u00e1 \u00e9 Subscritor?Fa\u00e7a login e continue a ler<a href=\"http:\/\/expresso.pt\/codigo?redirectUrl=https:\/\/expresso.pt\/economia\/2026-01-16-portas-fechadas-e-clientes-orfaos-porque-encerram-os-cafes-e-restaurantes-de-bairro--ae28eb84\" target=\"_self\" class=\"\" rel=\"nofollow noopener\">Inserir C\u00f3digo<\/a>Comprou o Expresso?Insira o c\u00f3digo presente na Revista E para continuar a ler<\/p>\n","protected":false},"excerpt":{"rendered":"No pequeno largo da entrada da Esta\u00e7\u00e3o do Rossio, no cora\u00e7\u00e3o de Lisboa, n\u00e3o se acumula gente como&hellip;\n","protected":false},"author":2,"featured_media":231520,"comment_status":"","ping_status":"","sticky":false,"template":"","format":"standard","meta":{"footnotes":""},"categories":[10],"tags":[27,28,15,16,14,25,26,21,22,12,13,19,20,32,23,24,33,17,18,29,30,31],"class_list":{"0":"post-231519","1":"post","2":"type-post","3":"status-publish","4":"format-standard","5":"has-post-thumbnail","7":"category-portugal","8":"tag-breaking-news","9":"tag-breakingnews","10":"tag-featured-news","11":"tag-featurednews","12":"tag-headlines","13":"tag-latest-news","14":"tag-latestnews","15":"tag-main-news","16":"tag-mainnews","17":"tag-news","18":"tag-noticias","19":"tag-noticias-principais","20":"tag-noticiasprincipais","21":"tag-portugal","22":"tag-principais-noticias","23":"tag-principaisnoticias","24":"tag-pt","25":"tag-top-stories","26":"tag-topstories","27":"tag-ultimas","28":"tag-ultimas-noticias","29":"tag-ultimasnoticias"},"share_on_mastodon":{"url":"https:\/\/pubeurope.com\/@pt\/115905252822756703","error":""},"_links":{"self":[{"href":"https:\/\/www.europesays.com\/pt\/wp-json\/wp\/v2\/posts\/231519","targetHints":{"allow":["GET"]}}],"collection":[{"href":"https:\/\/www.europesays.com\/pt\/wp-json\/wp\/v2\/posts"}],"about":[{"href":"https:\/\/www.europesays.com\/pt\/wp-json\/wp\/v2\/types\/post"}],"author":[{"embeddable":true,"href":"https:\/\/www.europesays.com\/pt\/wp-json\/wp\/v2\/users\/2"}],"replies":[{"embeddable":true,"href":"https:\/\/www.europesays.com\/pt\/wp-json\/wp\/v2\/comments?post=231519"}],"version-history":[{"count":0,"href":"https:\/\/www.europesays.com\/pt\/wp-json\/wp\/v2\/posts\/231519\/revisions"}],"wp:featuredmedia":[{"embeddable":true,"href":"https:\/\/www.europesays.com\/pt\/wp-json\/wp\/v2\/media\/231520"}],"wp:attachment":[{"href":"https:\/\/www.europesays.com\/pt\/wp-json\/wp\/v2\/media?parent=231519"}],"wp:term":[{"taxonomy":"category","embeddable":true,"href":"https:\/\/www.europesays.com\/pt\/wp-json\/wp\/v2\/categories?post=231519"},{"taxonomy":"post_tag","embeddable":true,"href":"https:\/\/www.europesays.com\/pt\/wp-json\/wp\/v2\/tags?post=231519"}],"curies":[{"name":"wp","href":"https:\/\/api.w.org\/{rel}","templated":true}]}}