{"id":231521,"date":"2026-01-16T14:29:19","date_gmt":"2026-01-16T14:29:19","guid":{"rendered":"https:\/\/www.europesays.com\/pt\/231521\/"},"modified":"2026-01-16T14:29:19","modified_gmt":"2026-01-16T14:29:19","slug":"tribunal-de-beja-condena-nove-pessoas-por-trafico-de-imigrantes-no-alentejo-2","status":"publish","type":"post","link":"https:\/\/www.europesays.com\/pt\/231521\/","title":{"rendered":"Tribunal de Beja condena nove pessoas por tr\u00e1fico de imigrantes no Alentejo"},"content":{"rendered":"<p>O Tribunal de Beja condenou esta quinta-feira, 15 de janeiro, nove pessoas, sete delas a pris\u00e3o efetiva, com penas entre os tr\u00eas e os nove anos e meio, e absolveu outras tr\u00eas pessoas num processo por explora\u00e7\u00e3o de imigrantes no Alentejo.<\/p>\n<p>Na sess\u00e3o de leitura do ac\u00f3rd\u00e3o, que decorreu esta quinta-feira \u00e0 tarde no Tribunal de Beja, a presidente do coletivo de ju\u00edzes que julgou o caso, a ju\u00edza Ana Batista, indicou que a pena de pris\u00e3o efetiva mais alta, em c\u00famulo jur\u00eddico, de nove anos e meio, foi aplicada ao arguido que teve \u201cpapel central\u201d neste esquema.<\/p>\n<p>O homem, de nacionalidade romena, foi condenado por um crime de aux\u00edlio \u00e0 imigra\u00e7\u00e3o ilegal, um crime de tr\u00e1fico de pessoas, outro de branqueamento de capitais e um de deten\u00e7\u00e3o de arma proibida.<\/p>\n<p>Os outros seis arguidos com penas de pris\u00e3o foram condenados, na generalidade, pela pr\u00e1tica de crimes id\u00eanticos (embora alguns n\u00e3o tenham respondido pelos de deten\u00e7\u00e3o de arma proibida ou branqueamento de capitais).<\/p>\n<p>Condenadas, mas com penas suspensas, ficaram uma peruana, pela pr\u00e1tica do crime de aux\u00edlio \u00e0 imigra\u00e7\u00e3o ilegal e uma moldava, por deten\u00e7\u00e3o de arma proibida, cada uma a dois anos de pris\u00e3o, suspensas na execu\u00e7\u00e3o por igual per\u00edodo.<\/p>\n","protected":false},"excerpt":{"rendered":"O Tribunal de Beja condenou esta quinta-feira, 15 de janeiro, nove pessoas, sete delas a pris\u00e3o efetiva, com&hellip;\n","protected":false},"author":2,"featured_media":231522,"comment_status":"","ping_status":"","sticky":false,"template":"","format":"standard","meta":{"footnotes":""},"categories":[8],"tags":[27,28,15,16,14,1865,25,26,21,22,12,13,19,20,32,23,24,33,17,18,31771,33326,29,30,31],"class_list":{"0":"post-231521","1":"post","2":"type-post","3":"status-publish","4":"format-standard","5":"has-post-thumbnail","7":"category-principais-noticias","8":"tag-breaking-news","9":"tag-breakingnews","10":"tag-featured-news","11":"tag-featurednews","12":"tag-headlines","13":"tag-imigrantes","14":"tag-latest-news","15":"tag-latestnews","16":"tag-main-news","17":"tag-mainnews","18":"tag-news","19":"tag-noticias","20":"tag-noticias-principais","21":"tag-noticiasprincipais","22":"tag-portugal","23":"tag-principais-noticias","24":"tag-principaisnoticias","25":"tag-pt","26":"tag-top-stories","27":"tag-topstories","28":"tag-trafico-de-seres-humanos","29":"tag-tribunal-de-beja","30":"tag-ultimas","31":"tag-ultimas-noticias","32":"tag-ultimasnoticias"},"share_on_mastodon":{"url":"https:\/\/pubeurope.com\/@pt\/115905256718901697","error":""},"_links":{"self":[{"href":"https:\/\/www.europesays.com\/pt\/wp-json\/wp\/v2\/posts\/231521","targetHints":{"allow":["GET"]}}],"collection":[{"href":"https:\/\/www.europesays.com\/pt\/wp-json\/wp\/v2\/posts"}],"about":[{"href":"https:\/\/www.europesays.com\/pt\/wp-json\/wp\/v2\/types\/post"}],"author":[{"embeddable":true,"href":"https:\/\/www.europesays.com\/pt\/wp-json\/wp\/v2\/users\/2"}],"replies":[{"embeddable":true,"href":"https:\/\/www.europesays.com\/pt\/wp-json\/wp\/v2\/comments?post=231521"}],"version-history":[{"count":0,"href":"https:\/\/www.europesays.com\/pt\/wp-json\/wp\/v2\/posts\/231521\/revisions"}],"wp:featuredmedia":[{"embeddable":true,"href":"https:\/\/www.europesays.com\/pt\/wp-json\/wp\/v2\/media\/231522"}],"wp:attachment":[{"href":"https:\/\/www.europesays.com\/pt\/wp-json\/wp\/v2\/media?parent=231521"}],"wp:term":[{"taxonomy":"category","embeddable":true,"href":"https:\/\/www.europesays.com\/pt\/wp-json\/wp\/v2\/categories?post=231521"},{"taxonomy":"post_tag","embeddable":true,"href":"https:\/\/www.europesays.com\/pt\/wp-json\/wp\/v2\/tags?post=231521"}],"curies":[{"name":"wp","href":"https:\/\/api.w.org\/{rel}","templated":true}]}}